{"id":6961,"date":"2019-08-21T18:33:05","date_gmt":"2019-08-21T23:33:05","guid":{"rendered":"https:\/\/cristinacortinas.org\/sustentabilidad\/?p=6961"},"modified":"2019-08-21T18:33:06","modified_gmt":"2019-08-21T23:33:06","slug":"como-se-concibe-la-economia-circular-para-ponerla-en-practica","status":"publish","type":"post","link":"https:\/\/cristinacortinas.org\/sustentabilidad\/como-se-concibe-la-economia-circular-para-ponerla-en-practica\/","title":{"rendered":"C\u00f3mo se concibe la econom\u00eda circular para ponerla en pr\u00e1ctica"},"content":{"rendered":"<p>El tema de la econom\u00eda circular es en 2019 el foco de la atenci\u00f3n en M\u00e9xico desde m\u00faltiples perspectivas y \u00e1mbitos.<\/p>\n<p>Aunque se ha informado acerca del inter\u00e9s de desarrollar una <strong>\u201cVisi\u00f3n Nacional Hacia una Gesti\u00f3n Sustentable Cero Residuos\u201d<\/strong> con un enfoque de econom\u00eda circular, a\u00fan se desconoce en qu\u00e9 consistir\u00e1.<\/p>\n<p>Lo que es un hecho es que existe un inter\u00e9s real en muchos sectores o de parte de ciudadanos por adoptar sistemas de econom\u00eda circular.<\/p>\n<p>Por ello, en la presentaci\u00f3n anexa se aborda el tema desde distintos puntos de vista que se exponen como han sido expresados y se menciona al final la existencia de una norma y gu\u00eda internacional para facilitar la implementaci\u00f3n de la econom\u00eda circular.<\/p>\n<p>Bienvenidas sus opiniones al respecto y su apoyo para difundir la presentaci\u00f3n.<\/p>\n<div class='w3eden'><!-- WPDM Link Template: Default Template -->\n\n<div class=\"link-template-default card mb-2\">\n    <div class=\"card-body\">\n        <div class=\"media\">\n            <div class=\"mr-3 img-48\"><img decoding=\"async\" class=\"wpdm_icon\" alt=\"Icono\"   src=\"https:\/\/cristinacortinas.org\/sustentabilidad\/wp-content\/plugins\/download-manager\/assets\/file-type-icons\/ppt.png\" \/><\/div>\n            <div class=\"media-body\">\n                <h3 class=\"package-title\"><a href='https:\/\/cristinacortinas.org\/sustentabilidad\/download\/como-se-concibe-la-economia-circular-para-ponerla-en-practica\/'>C\u00f3mo se concibe la econom\u00eda circular para ponerla en pr\u00e1ctica<\/a><\/h3>\n                <div class=\"text-muted text-small\"><i class=\"fas fa-copy\"><\/i> 1 archivo(s) <i class=\"fas fa-hdd ml-3\"><\/i> 6.31 MB<\/div>\n            <\/div>\n            <div class=\"ml-3\">\n                <a class='wpdm-download-link download-on-click btn btn-info ' rel='nofollow' href='#' data-downloadurl=\"https:\/\/cristinacortinas.org\/sustentabilidad\/download\/como-se-concibe-la-economia-circular-para-ponerla-en-practica\/?wpdmdl=6958&refresh=69ee378a8f9361777219466\">Descargar<\/a>\n            <\/div>\n        <\/div>\n    <\/div>\n<\/div>\n\n<\/div>\n<p>Cristina Cortinas<\/p>\n","protected":false},"excerpt":{"rendered":"<p>El tema de la econom\u00eda circular es en 2019 el foco de la atenci\u00f3n en M\u00e9xico desde m\u00faltiples perspectivas y \u00e1mbitos. Aunque se ha informado acerca del inter\u00e9s de desarrollar una \u201cVisi\u00f3n Nacional Hacia una Gesti\u00f3n Sustentable Cero Residuos\u201d con un enfoque de econom\u00eda circular, a\u00fan se desconoce en qu\u00e9 consistir\u00e1. Lo que es un hecho es que existe un&nbsp;<a href=\"https:\/\/cristinacortinas.org\/sustentabilidad\/como-se-concibe-la-economia-circular-para-ponerla-en-practica\/\" class=\"read-more\">Seguir leyendo<\/a><\/p>\n","protected":false},"author":1,"featured_media":6962,"comment_status":"closed","ping_status":"closed","sticky":false,"template":"","format":"standard","meta":{"footnotes":""},"categories":[40],"tags":[],"class_list":["post-6961","post","type-post","status-publish","format-standard","has-post-thumbnail","hentry","category-noticias","cat-40-id"],"yoast_head":"<!-- This site is optimized with the Yoast SEO plugin v27.4 - https:\/\/yoast.com\/product\/yoast-seo-wordpress\/ -->\n<title>C\u00f3mo se concibe la econom\u00eda circular para ponerla en pr\u00e1ctica - Dra. Ma. Cristina Cortinas Dur\u00e1n<\/title>\n<meta name=\"robots\" content=\"index, follow, max-snippet:-1, max-image-preview:large, max-video-preview:-1\" \/>\n<link rel=\"canonical\" href=\"https:\/\/cristinacortinas.org\/sustentabilidad\/como-se-concibe-la-economia-circular-para-ponerla-en-practica\/\" \/>\n<meta property=\"og:locale\" content=\"es_ES\" \/>\n<meta property=\"og:type\" content=\"article\" \/>\n<meta property=\"og:title\" content=\"C\u00f3mo se concibe la econom\u00eda circular para ponerla en pr\u00e1ctica - Dra. Ma. Cristina Cortinas Dur\u00e1n\" \/>\n<meta property=\"og:description\" content=\"El tema de la econom\u00eda circular es en 2019 el foco de la atenci\u00f3n en M\u00e9xico desde m\u00faltiples perspectivas y \u00e1mbitos. Aunque se ha informado acerca del inter\u00e9s de desarrollar una \u201cVisi\u00f3n Nacional Hacia una Gesti\u00f3n Sustentable Cero Residuos\u201d con un enfoque de econom\u00eda circular, a\u00fan se desconoce en qu\u00e9 consistir\u00e1. Lo que es un hecho es que existe un&nbsp;Seguir leyendo\" \/>\n<meta property=\"og:url\" content=\"https:\/\/cristinacortinas.org\/sustentabilidad\/como-se-concibe-la-economia-circular-para-ponerla-en-practica\/\" \/>\n<meta property=\"og:site_name\" content=\"Dra. Ma. Cristina Cortinas Dur\u00e1n\" \/>\n<meta property=\"article:publisher\" content=\"https:\/\/www.facebook.com\/cristinacortinasduran\/\" \/>\n<meta property=\"article:published_time\" content=\"2019-08-21T23:33:05+00:00\" \/>\n<meta property=\"article:modified_time\" content=\"2019-08-21T23:33:06+00:00\" \/>\n<meta property=\"og:image\" content=\"https:\/\/cristinacortinas.org\/sustentabilidad\/wp-content\/uploads\/2019\/08\/C\u00f3mo-se-concibe-la-econom\u00eda-circular-para-ponerla-en-pr\u00e1ctica.jpg\" \/>\n\t<meta property=\"og:image:width\" content=\"1016\" \/>\n\t<meta property=\"og:image:height\" content=\"768\" \/>\n\t<meta property=\"og:image:type\" content=\"image\/jpeg\" \/>\n<meta name=\"author\" content=\"CCristina\" \/>\n<meta name=\"twitter:card\" content=\"summary_large_image\" \/>\n<meta name=\"twitter:creator\" content=\"@DraCrisCortinas\" \/>\n<meta name=\"twitter:site\" content=\"@DraCrisCortinas\" \/>\n<meta name=\"twitter:label1\" content=\"Escrito por\" \/>\n\t<meta name=\"twitter:data1\" content=\"CCristina\" \/>\n\t<meta name=\"twitter:label2\" content=\"Tiempo de lectura\" \/>\n\t<meta name=\"twitter:data2\" content=\"1 minuto\" \/>\n<script type=\"application\/ld+json\" class=\"yoast-schema-graph\">{\"@context\":\"https:\\\/\\\/schema.org\",\"@graph\":[{\"@type\":\"Article\",\"@id\":\"https:\\\/\\\/cristinacortinas.org\\\/sustentabilidad\\\/como-se-concibe-la-economia-circular-para-ponerla-en-practica\\\/#article\",\"isPartOf\":{\"@id\":\"https:\\\/\\\/cristinacortinas.org\\\/sustentabilidad\\\/como-se-concibe-la-economia-circular-para-ponerla-en-practica\\\/\"},\"author\":{\"name\":\"CCristina\",\"@id\":\"https:\\\/\\\/cristinacortinas.org\\\/sustentabilidad\\\/#\\\/schema\\\/person\\\/230b4a4171b31e97671db5b680f06b08\"},\"headline\":\"C\u00f3mo se concibe la econom\u00eda circular para ponerla en pr\u00e1ctica\",\"datePublished\":\"2019-08-21T23:33:05+00:00\",\"dateModified\":\"2019-08-21T23:33:06+00:00\",\"mainEntityOfPage\":{\"@id\":\"https:\\\/\\\/cristinacortinas.org\\\/sustentabilidad\\\/como-se-concibe-la-economia-circular-para-ponerla-en-practica\\\/\"},\"wordCount\":166,\"image\":{\"@id\":\"https:\\\/\\\/cristinacortinas.org\\\/sustentabilidad\\\/como-se-concibe-la-economia-circular-para-ponerla-en-practica\\\/#primaryimage\"},\"thumbnailUrl\":\"https:\\\/\\\/cristinacortinas.org\\\/sustentabilidad\\\/wp-content\\\/uploads\\\/2019\\\/08\\\/C\u00f3mo-se-concibe-la-econom\u00eda-circular-para-ponerla-en-pr\u00e1ctica.jpg\",\"articleSection\":[\"Noticias\"],\"inLanguage\":\"es\"},{\"@type\":\"WebPage\",\"@id\":\"https:\\\/\\\/cristinacortinas.org\\\/sustentabilidad\\\/como-se-concibe-la-economia-circular-para-ponerla-en-practica\\\/\",\"url\":\"https:\\\/\\\/cristinacortinas.org\\\/sustentabilidad\\\/como-se-concibe-la-economia-circular-para-ponerla-en-practica\\\/\",\"name\":\"C\u00f3mo se concibe la econom\u00eda circular para ponerla en pr\u00e1ctica - Dra. Ma. Cristina Cortinas Dur\u00e1n\",\"isPartOf\":{\"@id\":\"https:\\\/\\\/cristinacortinas.org\\\/sustentabilidad\\\/#website\"},\"primaryImageOfPage\":{\"@id\":\"https:\\\/\\\/cristinacortinas.org\\\/sustentabilidad\\\/como-se-concibe-la-economia-circular-para-ponerla-en-practica\\\/#primaryimage\"},\"image\":{\"@id\":\"https:\\\/\\\/cristinacortinas.org\\\/sustentabilidad\\\/como-se-concibe-la-economia-circular-para-ponerla-en-practica\\\/#primaryimage\"},\"thumbnailUrl\":\"https:\\\/\\\/cristinacortinas.org\\\/sustentabilidad\\\/wp-content\\\/uploads\\\/2019\\\/08\\\/C\u00f3mo-se-concibe-la-econom\u00eda-circular-para-ponerla-en-pr\u00e1ctica.jpg\",\"datePublished\":\"2019-08-21T23:33:05+00:00\",\"dateModified\":\"2019-08-21T23:33:06+00:00\",\"author\":{\"@id\":\"https:\\\/\\\/cristinacortinas.org\\\/sustentabilidad\\\/#\\\/schema\\\/person\\\/230b4a4171b31e97671db5b680f06b08\"},\"breadcrumb\":{\"@id\":\"https:\\\/\\\/cristinacortinas.org\\\/sustentabilidad\\\/como-se-concibe-la-economia-circular-para-ponerla-en-practica\\\/#breadcrumb\"},\"inLanguage\":\"es\",\"potentialAction\":[{\"@type\":\"ReadAction\",\"target\":[\"https:\\\/\\\/cristinacortinas.org\\\/sustentabilidad\\\/como-se-concibe-la-economia-circular-para-ponerla-en-practica\\\/\"]}]},{\"@type\":\"ImageObject\",\"inLanguage\":\"es\",\"@id\":\"https:\\\/\\\/cristinacortinas.org\\\/sustentabilidad\\\/como-se-concibe-la-economia-circular-para-ponerla-en-practica\\\/#primaryimage\",\"url\":\"https:\\\/\\\/cristinacortinas.org\\\/sustentabilidad\\\/wp-content\\\/uploads\\\/2019\\\/08\\\/C\u00f3mo-se-concibe-la-econom\u00eda-circular-para-ponerla-en-pr\u00e1ctica.jpg\",\"contentUrl\":\"https:\\\/\\\/cristinacortinas.org\\\/sustentabilidad\\\/wp-content\\\/uploads\\\/2019\\\/08\\\/C\u00f3mo-se-concibe-la-econom\u00eda-circular-para-ponerla-en-pr\u00e1ctica.jpg\",\"width\":1016,\"height\":768},{\"@type\":\"BreadcrumbList\",\"@id\":\"https:\\\/\\\/cristinacortinas.org\\\/sustentabilidad\\\/como-se-concibe-la-economia-circular-para-ponerla-en-practica\\\/#breadcrumb\",\"itemListElement\":[{\"@type\":\"ListItem\",\"position\":1,\"name\":\"Portada\",\"item\":\"https:\\\/\\\/cristinacortinas.org\\\/sustentabilidad\\\/\"},{\"@type\":\"ListItem\",\"position\":2,\"name\":\"C\u00f3mo se concibe la econom\u00eda circular para ponerla en pr\u00e1ctica\"}]},{\"@type\":\"WebSite\",\"@id\":\"https:\\\/\\\/cristinacortinas.org\\\/sustentabilidad\\\/#website\",\"url\":\"https:\\\/\\\/cristinacortinas.org\\\/sustentabilidad\\\/\",\"name\":\"Dra. Ma. Cristina Cortinas Dur\u00e1n\",\"description\":\"\",\"potentialAction\":[{\"@type\":\"SearchAction\",\"target\":{\"@type\":\"EntryPoint\",\"urlTemplate\":\"https:\\\/\\\/cristinacortinas.org\\\/sustentabilidad\\\/?s={search_term_string}\"},\"query-input\":{\"@type\":\"PropertyValueSpecification\",\"valueRequired\":true,\"valueName\":\"search_term_string\"}}],\"inLanguage\":\"es\"},{\"@type\":\"Person\",\"@id\":\"https:\\\/\\\/cristinacortinas.org\\\/sustentabilidad\\\/#\\\/schema\\\/person\\\/230b4a4171b31e97671db5b680f06b08\",\"name\":\"CCristina\"}]}<\/script>\n<!-- \/ Yoast SEO plugin. -->","yoast_head_json":{"title":"C\u00f3mo se concibe la econom\u00eda circular para ponerla en pr\u00e1ctica - Dra. Ma. Cristina Cortinas Dur\u00e1n","robots":{"index":"index","follow":"follow","max-snippet":"max-snippet:-1","max-image-preview":"max-image-preview:large","max-video-preview":"max-video-preview:-1"},"canonical":"https:\/\/cristinacortinas.org\/sustentabilidad\/como-se-concibe-la-economia-circular-para-ponerla-en-practica\/","og_locale":"es_ES","og_type":"article","og_title":"C\u00f3mo se concibe la econom\u00eda circular para ponerla en pr\u00e1ctica - Dra. Ma. Cristina Cortinas Dur\u00e1n","og_description":"El tema de la econom\u00eda circular es en 2019 el foco de la atenci\u00f3n en M\u00e9xico desde m\u00faltiples perspectivas y \u00e1mbitos. Aunque se ha informado acerca del inter\u00e9s de desarrollar una \u201cVisi\u00f3n Nacional Hacia una Gesti\u00f3n Sustentable Cero Residuos\u201d con un enfoque de econom\u00eda circular, a\u00fan se desconoce en qu\u00e9 consistir\u00e1. Lo que es un hecho es que existe un&nbsp;Seguir leyendo","og_url":"https:\/\/cristinacortinas.org\/sustentabilidad\/como-se-concibe-la-economia-circular-para-ponerla-en-practica\/","og_site_name":"Dra. Ma. Cristina Cortinas Dur\u00e1n","article_publisher":"https:\/\/www.facebook.com\/cristinacortinasduran\/","article_published_time":"2019-08-21T23:33:05+00:00","article_modified_time":"2019-08-21T23:33:06+00:00","og_image":[{"width":1016,"height":768,"url":"https:\/\/cristinacortinas.org\/sustentabilidad\/wp-content\/uploads\/2019\/08\/C\u00f3mo-se-concibe-la-econom\u00eda-circular-para-ponerla-en-pr\u00e1ctica.jpg","type":"image\/jpeg"}],"author":"CCristina","twitter_card":"summary_large_image","twitter_creator":"@DraCrisCortinas","twitter_site":"@DraCrisCortinas","twitter_misc":{"Escrito por":"CCristina","Tiempo de lectura":"1 minuto"},"schema":{"@context":"https:\/\/schema.org","@graph":[{"@type":"Article","@id":"https:\/\/cristinacortinas.org\/sustentabilidad\/como-se-concibe-la-economia-circular-para-ponerla-en-practica\/#article","isPartOf":{"@id":"https:\/\/cristinacortinas.org\/sustentabilidad\/como-se-concibe-la-economia-circular-para-ponerla-en-practica\/"},"author":{"name":"CCristina","@id":"https:\/\/cristinacortinas.org\/sustentabilidad\/#\/schema\/person\/230b4a4171b31e97671db5b680f06b08"},"headline":"C\u00f3mo se concibe la econom\u00eda circular para ponerla en pr\u00e1ctica","datePublished":"2019-08-21T23:33:05+00:00","dateModified":"2019-08-21T23:33:06+00:00","mainEntityOfPage":{"@id":"https:\/\/cristinacortinas.org\/sustentabilidad\/como-se-concibe-la-economia-circular-para-ponerla-en-practica\/"},"wordCount":166,"image":{"@id":"https:\/\/cristinacortinas.org\/sustentabilidad\/como-se-concibe-la-economia-circular-para-ponerla-en-practica\/#primaryimage"},"thumbnailUrl":"https:\/\/cristinacortinas.org\/sustentabilidad\/wp-content\/uploads\/2019\/08\/C\u00f3mo-se-concibe-la-econom\u00eda-circular-para-ponerla-en-pr\u00e1ctica.jpg","articleSection":["Noticias"],"inLanguage":"es"},{"@type":"WebPage","@id":"https:\/\/cristinacortinas.org\/sustentabilidad\/como-se-concibe-la-economia-circular-para-ponerla-en-practica\/","url":"https:\/\/cristinacortinas.org\/sustentabilidad\/como-se-concibe-la-economia-circular-para-ponerla-en-practica\/","name":"C\u00f3mo se concibe la econom\u00eda circular para ponerla en pr\u00e1ctica - Dra. Ma. Cristina Cortinas Dur\u00e1n","isPartOf":{"@id":"https:\/\/cristinacortinas.org\/sustentabilidad\/#website"},"primaryImageOfPage":{"@id":"https:\/\/cristinacortinas.org\/sustentabilidad\/como-se-concibe-la-economia-circular-para-ponerla-en-practica\/#primaryimage"},"image":{"@id":"https:\/\/cristinacortinas.org\/sustentabilidad\/como-se-concibe-la-economia-circular-para-ponerla-en-practica\/#primaryimage"},"thumbnailUrl":"https:\/\/cristinacortinas.org\/sustentabilidad\/wp-content\/uploads\/2019\/08\/C\u00f3mo-se-concibe-la-econom\u00eda-circular-para-ponerla-en-pr\u00e1ctica.jpg","datePublished":"2019-08-21T23:33:05+00:00","dateModified":"2019-08-21T23:33:06+00:00","author":{"@id":"https:\/\/cristinacortinas.org\/sustentabilidad\/#\/schema\/person\/230b4a4171b31e97671db5b680f06b08"},"breadcrumb":{"@id":"https:\/\/cristinacortinas.org\/sustentabilidad\/como-se-concibe-la-economia-circular-para-ponerla-en-practica\/#breadcrumb"},"inLanguage":"es","potentialAction":[{"@type":"ReadAction","target":["https:\/\/cristinacortinas.org\/sustentabilidad\/como-se-concibe-la-economia-circular-para-ponerla-en-practica\/"]}]},{"@type":"ImageObject","inLanguage":"es","@id":"https:\/\/cristinacortinas.org\/sustentabilidad\/como-se-concibe-la-economia-circular-para-ponerla-en-practica\/#primaryimage","url":"https:\/\/cristinacortinas.org\/sustentabilidad\/wp-content\/uploads\/2019\/08\/C\u00f3mo-se-concibe-la-econom\u00eda-circular-para-ponerla-en-pr\u00e1ctica.jpg","contentUrl":"https:\/\/cristinacortinas.org\/sustentabilidad\/wp-content\/uploads\/2019\/08\/C\u00f3mo-se-concibe-la-econom\u00eda-circular-para-ponerla-en-pr\u00e1ctica.jpg","width":1016,"height":768},{"@type":"BreadcrumbList","@id":"https:\/\/cristinacortinas.org\/sustentabilidad\/como-se-concibe-la-economia-circular-para-ponerla-en-practica\/#breadcrumb","itemListElement":[{"@type":"ListItem","position":1,"name":"Portada","item":"https:\/\/cristinacortinas.org\/sustentabilidad\/"},{"@type":"ListItem","position":2,"name":"C\u00f3mo se concibe la econom\u00eda circular para ponerla en pr\u00e1ctica"}]},{"@type":"WebSite","@id":"https:\/\/cristinacortinas.org\/sustentabilidad\/#website","url":"https:\/\/cristinacortinas.org\/sustentabilidad\/","name":"Dra. Ma. Cristina Cortinas Dur\u00e1n","description":"","potentialAction":[{"@type":"SearchAction","target":{"@type":"EntryPoint","urlTemplate":"https:\/\/cristinacortinas.org\/sustentabilidad\/?s={search_term_string}"},"query-input":{"@type":"PropertyValueSpecification","valueRequired":true,"valueName":"search_term_string"}}],"inLanguage":"es"},{"@type":"Person","@id":"https:\/\/cristinacortinas.org\/sustentabilidad\/#\/schema\/person\/230b4a4171b31e97671db5b680f06b08","name":"CCristina"}]}},"_links":{"self":[{"href":"https:\/\/cristinacortinas.org\/sustentabilidad\/wp-json\/wp\/v2\/posts\/6961","targetHints":{"allow":["GET"]}}],"collection":[{"href":"https:\/\/cristinacortinas.org\/sustentabilidad\/wp-json\/wp\/v2\/posts"}],"about":[{"href":"https:\/\/cristinacortinas.org\/sustentabilidad\/wp-json\/wp\/v2\/types\/post"}],"author":[{"embeddable":true,"href":"https:\/\/cristinacortinas.org\/sustentabilidad\/wp-json\/wp\/v2\/users\/1"}],"replies":[{"embeddable":true,"href":"https:\/\/cristinacortinas.org\/sustentabilidad\/wp-json\/wp\/v2\/comments?post=6961"}],"version-history":[{"count":1,"href":"https:\/\/cristinacortinas.org\/sustentabilidad\/wp-json\/wp\/v2\/posts\/6961\/revisions"}],"predecessor-version":[{"id":6963,"href":"https:\/\/cristinacortinas.org\/sustentabilidad\/wp-json\/wp\/v2\/posts\/6961\/revisions\/6963"}],"wp:featuredmedia":[{"embeddable":true,"href":"https:\/\/cristinacortinas.org\/sustentabilidad\/wp-json\/wp\/v2\/media\/6962"}],"wp:attachment":[{"href":"https:\/\/cristinacortinas.org\/sustentabilidad\/wp-json\/wp\/v2\/media?parent=6961"}],"wp:term":[{"taxonomy":"category","embeddable":true,"href":"https:\/\/cristinacortinas.org\/sustentabilidad\/wp-json\/wp\/v2\/categories?post=6961"},{"taxonomy":"post_tag","embeddable":true,"href":"https:\/\/cristinacortinas.org\/sustentabilidad\/wp-json\/wp\/v2\/tags?post=6961"}],"curies":[{"name":"wp","href":"https:\/\/api.w.org\/{rel}","templated":true}]}}