{"id":5550,"date":"2018-07-07T11:48:29","date_gmt":"2018-07-07T16:48:29","guid":{"rendered":"http:\/\/cristinacortinas.org\/sustentabilidad\/?p=5550"},"modified":"2018-08-25T16:38:01","modified_gmt":"2018-08-25T21:38:01","slug":"foro-de-queretaro-sobre-economia-circular-octubre-2018","status":"publish","type":"post","link":"https:\/\/cristinacortinas.org\/sustentabilidad\/foro-de-queretaro-sobre-economia-circular-octubre-2018\/","title":{"rendered":"Foro de Quere\u0301taro sobre Economi\u0301a Circular Octubre 2018 [CUPO LLENO]"},"content":{"rendered":"<p style=\"text-align: justify;\">La econom\u00eda de la conservaci\u00f3n y la econom\u00eda circular coinciden o se complementan por su intenci\u00f3n de contribuir a conservar, restaurar y regenerar los recursos naturales; a proteger la biodiversidad y sus servicios ambientales; a evitar el desperdicio de energ\u00eda, agua, materiales y suelo; as\u00ed como a reducir el consumo de sustancias peligrosas en procesos productivos y a prevenir la generaci\u00f3n de residuos y su disposici\u00f3n final cerrando el ciclo de los materiales que los componen, por medio de instrumentos, estrategias y acciones que fomentan la creaci\u00f3n de empleos verdes e incluyentes, la productividad y competitividad de las empresas, y la protecci\u00f3n de los derechos humanos, particularmente del derecho a un ambiente sano.<\/p>\n<p style=\"text-align: center;\"><img loading=\"lazy\" decoding=\"async\" class=\"alignnone size-full wp-image-5736\" src=\"http:\/\/cristinacortinas.org\/sustentabilidad\/wp-content\/uploads\/2018\/07\/Po\u0301ster.png\" alt=\"\" width=\"1500\" height=\"2318\" srcset=\"https:\/\/cristinacortinas.org\/sustentabilidad\/wp-content\/uploads\/2018\/07\/Po\u0301ster.png 1500w, https:\/\/cristinacortinas.org\/sustentabilidad\/wp-content\/uploads\/2018\/07\/Po\u0301ster-194x300.png 194w, https:\/\/cristinacortinas.org\/sustentabilidad\/wp-content\/uploads\/2018\/07\/Po\u0301ster-768x1187.png 768w, https:\/\/cristinacortinas.org\/sustentabilidad\/wp-content\/uploads\/2018\/07\/Po\u0301ster-663x1024.png 663w\" sizes=\"auto, (max-width: 1500px) 100vw, 1500px\" \/><\/p>\n<p style=\"text-align: center;\">AGENDA<\/p>\n","protected":false},"excerpt":{"rendered":"<p>La econom\u00eda de la conservaci\u00f3n y la econom\u00eda circular coinciden o se complementan por su intenci\u00f3n de contribuir a conservar, restaurar y regenerar los recursos naturales; a proteger la biodiversidad y sus servicios ambientales; a evitar el desperdicio de energ\u00eda, agua, materiales y suelo; as\u00ed como a reducir el consumo de sustancias peligrosas en procesos productivos y a prevenir la&nbsp;<a href=\"https:\/\/cristinacortinas.org\/sustentabilidad\/foro-de-queretaro-sobre-economia-circular-octubre-2018\/\" class=\"read-more\">Seguir leyendo<\/a><\/p>\n","protected":false},"author":1,"featured_media":5782,"comment_status":"closed","ping_status":"closed","sticky":false,"template":"","format":"standard","meta":{"footnotes":""},"categories":[40],"tags":[703,911],"class_list":["post-5550","post","type-post","status-publish","format-standard","has-post-thumbnail","hentry","category-noticias","tag-economia-circular","tag-foro-de-queretaro","cat-40-id"],"yoast_head":"<!-- This site is optimized with the Yoast SEO plugin v27.4 - https:\/\/yoast.com\/product\/yoast-seo-wordpress\/ -->\n<title>Foro de Quere\u0301taro sobre Economi\u0301a Circular Octubre 2018 [CUPO LLENO] - Dra. Ma. Cristina Cortinas Dur\u00e1n<\/title>\n<meta name=\"robots\" content=\"index, follow, max-snippet:-1, max-image-preview:large, max-video-preview:-1\" \/>\n<link rel=\"canonical\" href=\"https:\/\/cristinacortinas.org\/sustentabilidad\/foro-de-queretaro-sobre-economia-circular-octubre-2018\/\" \/>\n<meta property=\"og:locale\" content=\"es_ES\" \/>\n<meta property=\"og:type\" content=\"article\" \/>\n<meta property=\"og:title\" content=\"Foro de Quere\u0301taro sobre Economi\u0301a Circular Octubre 2018 [CUPO LLENO] - Dra. Ma. Cristina Cortinas Dur\u00e1n\" \/>\n<meta property=\"og:description\" content=\"La econom\u00eda de la conservaci\u00f3n y la econom\u00eda circular coinciden o se complementan por su intenci\u00f3n de contribuir a conservar, restaurar y regenerar los recursos naturales; a proteger la biodiversidad y sus servicios ambientales; a evitar el desperdicio de energ\u00eda, agua, materiales y suelo; as\u00ed como a reducir el consumo de sustancias peligrosas en procesos productivos y a prevenir la&nbsp;Seguir leyendo\" \/>\n<meta property=\"og:url\" content=\"https:\/\/cristinacortinas.org\/sustentabilidad\/foro-de-queretaro-sobre-economia-circular-octubre-2018\/\" \/>\n<meta property=\"og:site_name\" content=\"Dra. Ma. Cristina Cortinas Dur\u00e1n\" \/>\n<meta property=\"article:publisher\" content=\"https:\/\/www.facebook.com\/cristinacortinasduran\/\" \/>\n<meta property=\"article:published_time\" content=\"2018-07-07T16:48:29+00:00\" \/>\n<meta property=\"article:modified_time\" content=\"2018-08-25T21:38:01+00:00\" \/>\n<meta property=\"og:image\" content=\"https:\/\/cristinacortinas.org\/sustentabilidad\/wp-content\/uploads\/2018\/07\/CUPO-LLENO.jpg\" \/>\n\t<meta property=\"og:image:width\" content=\"750\" \/>\n\t<meta property=\"og:image:height\" content=\"1159\" \/>\n\t<meta property=\"og:image:type\" content=\"image\/jpeg\" \/>\n<meta name=\"author\" content=\"CCristina\" \/>\n<meta name=\"twitter:card\" content=\"summary_large_image\" \/>\n<meta name=\"twitter:creator\" content=\"@DraCrisCortinas\" \/>\n<meta name=\"twitter:site\" content=\"@DraCrisCortinas\" \/>\n<meta name=\"twitter:label1\" content=\"Escrito por\" \/>\n\t<meta name=\"twitter:data1\" content=\"CCristina\" \/>\n\t<meta name=\"twitter:label2\" content=\"Tiempo de lectura\" \/>\n\t<meta name=\"twitter:data2\" content=\"1 minuto\" \/>\n<script type=\"application\/ld+json\" class=\"yoast-schema-graph\">{\"@context\":\"https:\\\/\\\/schema.org\",\"@graph\":[{\"@type\":\"Article\",\"@id\":\"https:\\\/\\\/cristinacortinas.org\\\/sustentabilidad\\\/foro-de-queretaro-sobre-economia-circular-octubre-2018\\\/#article\",\"isPartOf\":{\"@id\":\"https:\\\/\\\/cristinacortinas.org\\\/sustentabilidad\\\/foro-de-queretaro-sobre-economia-circular-octubre-2018\\\/\"},\"author\":{\"name\":\"CCristina\",\"@id\":\"https:\\\/\\\/cristinacortinas.org\\\/sustentabilidad\\\/#\\\/schema\\\/person\\\/230b4a4171b31e97671db5b680f06b08\"},\"headline\":\"Foro de Quere\u0301taro sobre Economi\u0301a Circular Octubre 2018 [CUPO LLENO]\",\"datePublished\":\"2018-07-07T16:48:29+00:00\",\"dateModified\":\"2018-08-25T21:38:01+00:00\",\"mainEntityOfPage\":{\"@id\":\"https:\\\/\\\/cristinacortinas.org\\\/sustentabilidad\\\/foro-de-queretaro-sobre-economia-circular-octubre-2018\\\/\"},\"wordCount\":134,\"image\":{\"@id\":\"https:\\\/\\\/cristinacortinas.org\\\/sustentabilidad\\\/foro-de-queretaro-sobre-economia-circular-octubre-2018\\\/#primaryimage\"},\"thumbnailUrl\":\"https:\\\/\\\/cristinacortinas.org\\\/sustentabilidad\\\/wp-content\\\/uploads\\\/2018\\\/07\\\/CUPO-LLENO.jpg\",\"keywords\":[\"Econom\u00eda Circular\",\"Foro de Quere\u0301taro\"],\"articleSection\":[\"Noticias\"],\"inLanguage\":\"es\"},{\"@type\":\"WebPage\",\"@id\":\"https:\\\/\\\/cristinacortinas.org\\\/sustentabilidad\\\/foro-de-queretaro-sobre-economia-circular-octubre-2018\\\/\",\"url\":\"https:\\\/\\\/cristinacortinas.org\\\/sustentabilidad\\\/foro-de-queretaro-sobre-economia-circular-octubre-2018\\\/\",\"name\":\"Foro de Quere\u0301taro sobre Economi\u0301a Circular Octubre 2018 [CUPO LLENO] - Dra. Ma. Cristina Cortinas Dur\u00e1n\",\"isPartOf\":{\"@id\":\"https:\\\/\\\/cristinacortinas.org\\\/sustentabilidad\\\/#website\"},\"primaryImageOfPage\":{\"@id\":\"https:\\\/\\\/cristinacortinas.org\\\/sustentabilidad\\\/foro-de-queretaro-sobre-economia-circular-octubre-2018\\\/#primaryimage\"},\"image\":{\"@id\":\"https:\\\/\\\/cristinacortinas.org\\\/sustentabilidad\\\/foro-de-queretaro-sobre-economia-circular-octubre-2018\\\/#primaryimage\"},\"thumbnailUrl\":\"https:\\\/\\\/cristinacortinas.org\\\/sustentabilidad\\\/wp-content\\\/uploads\\\/2018\\\/07\\\/CUPO-LLENO.jpg\",\"datePublished\":\"2018-07-07T16:48:29+00:00\",\"dateModified\":\"2018-08-25T21:38:01+00:00\",\"author\":{\"@id\":\"https:\\\/\\\/cristinacortinas.org\\\/sustentabilidad\\\/#\\\/schema\\\/person\\\/230b4a4171b31e97671db5b680f06b08\"},\"breadcrumb\":{\"@id\":\"https:\\\/\\\/cristinacortinas.org\\\/sustentabilidad\\\/foro-de-queretaro-sobre-economia-circular-octubre-2018\\\/#breadcrumb\"},\"inLanguage\":\"es\",\"potentialAction\":[{\"@type\":\"ReadAction\",\"target\":[\"https:\\\/\\\/cristinacortinas.org\\\/sustentabilidad\\\/foro-de-queretaro-sobre-economia-circular-octubre-2018\\\/\"]}]},{\"@type\":\"ImageObject\",\"inLanguage\":\"es\",\"@id\":\"https:\\\/\\\/cristinacortinas.org\\\/sustentabilidad\\\/foro-de-queretaro-sobre-economia-circular-octubre-2018\\\/#primaryimage\",\"url\":\"https:\\\/\\\/cristinacortinas.org\\\/sustentabilidad\\\/wp-content\\\/uploads\\\/2018\\\/07\\\/CUPO-LLENO.jpg\",\"contentUrl\":\"https:\\\/\\\/cristinacortinas.org\\\/sustentabilidad\\\/wp-content\\\/uploads\\\/2018\\\/07\\\/CUPO-LLENO.jpg\",\"width\":750,\"height\":1159},{\"@type\":\"BreadcrumbList\",\"@id\":\"https:\\\/\\\/cristinacortinas.org\\\/sustentabilidad\\\/foro-de-queretaro-sobre-economia-circular-octubre-2018\\\/#breadcrumb\",\"itemListElement\":[{\"@type\":\"ListItem\",\"position\":1,\"name\":\"Portada\",\"item\":\"https:\\\/\\\/cristinacortinas.org\\\/sustentabilidad\\\/\"},{\"@type\":\"ListItem\",\"position\":2,\"name\":\"Foro de Quere\u0301taro sobre Economi\u0301a Circular Octubre 2018 [CUPO LLENO]\"}]},{\"@type\":\"WebSite\",\"@id\":\"https:\\\/\\\/cristinacortinas.org\\\/sustentabilidad\\\/#website\",\"url\":\"https:\\\/\\\/cristinacortinas.org\\\/sustentabilidad\\\/\",\"name\":\"Dra. Ma. Cristina Cortinas Dur\u00e1n\",\"description\":\"\",\"potentialAction\":[{\"@type\":\"SearchAction\",\"target\":{\"@type\":\"EntryPoint\",\"urlTemplate\":\"https:\\\/\\\/cristinacortinas.org\\\/sustentabilidad\\\/?s={search_term_string}\"},\"query-input\":{\"@type\":\"PropertyValueSpecification\",\"valueRequired\":true,\"valueName\":\"search_term_string\"}}],\"inLanguage\":\"es\"},{\"@type\":\"Person\",\"@id\":\"https:\\\/\\\/cristinacortinas.org\\\/sustentabilidad\\\/#\\\/schema\\\/person\\\/230b4a4171b31e97671db5b680f06b08\",\"name\":\"CCristina\"}]}<\/script>\n<!-- \/ Yoast SEO plugin. -->","yoast_head_json":{"title":"Foro de Quere\u0301taro sobre Economi\u0301a Circular Octubre 2018 [CUPO LLENO] - Dra. Ma. Cristina Cortinas Dur\u00e1n","robots":{"index":"index","follow":"follow","max-snippet":"max-snippet:-1","max-image-preview":"max-image-preview:large","max-video-preview":"max-video-preview:-1"},"canonical":"https:\/\/cristinacortinas.org\/sustentabilidad\/foro-de-queretaro-sobre-economia-circular-octubre-2018\/","og_locale":"es_ES","og_type":"article","og_title":"Foro de Quere\u0301taro sobre Economi\u0301a Circular Octubre 2018 [CUPO LLENO] - Dra. Ma. Cristina Cortinas Dur\u00e1n","og_description":"La econom\u00eda de la conservaci\u00f3n y la econom\u00eda circular coinciden o se complementan por su intenci\u00f3n de contribuir a conservar, restaurar y regenerar los recursos naturales; a proteger la biodiversidad y sus servicios ambientales; a evitar el desperdicio de energ\u00eda, agua, materiales y suelo; as\u00ed como a reducir el consumo de sustancias peligrosas en procesos productivos y a prevenir la&nbsp;Seguir leyendo","og_url":"https:\/\/cristinacortinas.org\/sustentabilidad\/foro-de-queretaro-sobre-economia-circular-octubre-2018\/","og_site_name":"Dra. Ma. Cristina Cortinas Dur\u00e1n","article_publisher":"https:\/\/www.facebook.com\/cristinacortinasduran\/","article_published_time":"2018-07-07T16:48:29+00:00","article_modified_time":"2018-08-25T21:38:01+00:00","og_image":[{"width":750,"height":1159,"url":"https:\/\/cristinacortinas.org\/sustentabilidad\/wp-content\/uploads\/2018\/07\/CUPO-LLENO.jpg","type":"image\/jpeg"}],"author":"CCristina","twitter_card":"summary_large_image","twitter_creator":"@DraCrisCortinas","twitter_site":"@DraCrisCortinas","twitter_misc":{"Escrito por":"CCristina","Tiempo de lectura":"1 minuto"},"schema":{"@context":"https:\/\/schema.org","@graph":[{"@type":"Article","@id":"https:\/\/cristinacortinas.org\/sustentabilidad\/foro-de-queretaro-sobre-economia-circular-octubre-2018\/#article","isPartOf":{"@id":"https:\/\/cristinacortinas.org\/sustentabilidad\/foro-de-queretaro-sobre-economia-circular-octubre-2018\/"},"author":{"name":"CCristina","@id":"https:\/\/cristinacortinas.org\/sustentabilidad\/#\/schema\/person\/230b4a4171b31e97671db5b680f06b08"},"headline":"Foro de Quere\u0301taro sobre Economi\u0301a Circular Octubre 2018 [CUPO LLENO]","datePublished":"2018-07-07T16:48:29+00:00","dateModified":"2018-08-25T21:38:01+00:00","mainEntityOfPage":{"@id":"https:\/\/cristinacortinas.org\/sustentabilidad\/foro-de-queretaro-sobre-economia-circular-octubre-2018\/"},"wordCount":134,"image":{"@id":"https:\/\/cristinacortinas.org\/sustentabilidad\/foro-de-queretaro-sobre-economia-circular-octubre-2018\/#primaryimage"},"thumbnailUrl":"https:\/\/cristinacortinas.org\/sustentabilidad\/wp-content\/uploads\/2018\/07\/CUPO-LLENO.jpg","keywords":["Econom\u00eda Circular","Foro de Quere\u0301taro"],"articleSection":["Noticias"],"inLanguage":"es"},{"@type":"WebPage","@id":"https:\/\/cristinacortinas.org\/sustentabilidad\/foro-de-queretaro-sobre-economia-circular-octubre-2018\/","url":"https:\/\/cristinacortinas.org\/sustentabilidad\/foro-de-queretaro-sobre-economia-circular-octubre-2018\/","name":"Foro de Quere\u0301taro sobre Economi\u0301a Circular Octubre 2018 [CUPO LLENO] - Dra. Ma. Cristina Cortinas Dur\u00e1n","isPartOf":{"@id":"https:\/\/cristinacortinas.org\/sustentabilidad\/#website"},"primaryImageOfPage":{"@id":"https:\/\/cristinacortinas.org\/sustentabilidad\/foro-de-queretaro-sobre-economia-circular-octubre-2018\/#primaryimage"},"image":{"@id":"https:\/\/cristinacortinas.org\/sustentabilidad\/foro-de-queretaro-sobre-economia-circular-octubre-2018\/#primaryimage"},"thumbnailUrl":"https:\/\/cristinacortinas.org\/sustentabilidad\/wp-content\/uploads\/2018\/07\/CUPO-LLENO.jpg","datePublished":"2018-07-07T16:48:29+00:00","dateModified":"2018-08-25T21:38:01+00:00","author":{"@id":"https:\/\/cristinacortinas.org\/sustentabilidad\/#\/schema\/person\/230b4a4171b31e97671db5b680f06b08"},"breadcrumb":{"@id":"https:\/\/cristinacortinas.org\/sustentabilidad\/foro-de-queretaro-sobre-economia-circular-octubre-2018\/#breadcrumb"},"inLanguage":"es","potentialAction":[{"@type":"ReadAction","target":["https:\/\/cristinacortinas.org\/sustentabilidad\/foro-de-queretaro-sobre-economia-circular-octubre-2018\/"]}]},{"@type":"ImageObject","inLanguage":"es","@id":"https:\/\/cristinacortinas.org\/sustentabilidad\/foro-de-queretaro-sobre-economia-circular-octubre-2018\/#primaryimage","url":"https:\/\/cristinacortinas.org\/sustentabilidad\/wp-content\/uploads\/2018\/07\/CUPO-LLENO.jpg","contentUrl":"https:\/\/cristinacortinas.org\/sustentabilidad\/wp-content\/uploads\/2018\/07\/CUPO-LLENO.jpg","width":750,"height":1159},{"@type":"BreadcrumbList","@id":"https:\/\/cristinacortinas.org\/sustentabilidad\/foro-de-queretaro-sobre-economia-circular-octubre-2018\/#breadcrumb","itemListElement":[{"@type":"ListItem","position":1,"name":"Portada","item":"https:\/\/cristinacortinas.org\/sustentabilidad\/"},{"@type":"ListItem","position":2,"name":"Foro de Quere\u0301taro sobre Economi\u0301a Circular Octubre 2018 [CUPO LLENO]"}]},{"@type":"WebSite","@id":"https:\/\/cristinacortinas.org\/sustentabilidad\/#website","url":"https:\/\/cristinacortinas.org\/sustentabilidad\/","name":"Dra. Ma. Cristina Cortinas Dur\u00e1n","description":"","potentialAction":[{"@type":"SearchAction","target":{"@type":"EntryPoint","urlTemplate":"https:\/\/cristinacortinas.org\/sustentabilidad\/?s={search_term_string}"},"query-input":{"@type":"PropertyValueSpecification","valueRequired":true,"valueName":"search_term_string"}}],"inLanguage":"es"},{"@type":"Person","@id":"https:\/\/cristinacortinas.org\/sustentabilidad\/#\/schema\/person\/230b4a4171b31e97671db5b680f06b08","name":"CCristina"}]}},"_links":{"self":[{"href":"https:\/\/cristinacortinas.org\/sustentabilidad\/wp-json\/wp\/v2\/posts\/5550","targetHints":{"allow":["GET"]}}],"collection":[{"href":"https:\/\/cristinacortinas.org\/sustentabilidad\/wp-json\/wp\/v2\/posts"}],"about":[{"href":"https:\/\/cristinacortinas.org\/sustentabilidad\/wp-json\/wp\/v2\/types\/post"}],"author":[{"embeddable":true,"href":"https:\/\/cristinacortinas.org\/sustentabilidad\/wp-json\/wp\/v2\/users\/1"}],"replies":[{"embeddable":true,"href":"https:\/\/cristinacortinas.org\/sustentabilidad\/wp-json\/wp\/v2\/comments?post=5550"}],"version-history":[{"count":6,"href":"https:\/\/cristinacortinas.org\/sustentabilidad\/wp-json\/wp\/v2\/posts\/5550\/revisions"}],"predecessor-version":[{"id":5784,"href":"https:\/\/cristinacortinas.org\/sustentabilidad\/wp-json\/wp\/v2\/posts\/5550\/revisions\/5784"}],"wp:featuredmedia":[{"embeddable":true,"href":"https:\/\/cristinacortinas.org\/sustentabilidad\/wp-json\/wp\/v2\/media\/5782"}],"wp:attachment":[{"href":"https:\/\/cristinacortinas.org\/sustentabilidad\/wp-json\/wp\/v2\/media?parent=5550"}],"wp:term":[{"taxonomy":"category","embeddable":true,"href":"https:\/\/cristinacortinas.org\/sustentabilidad\/wp-json\/wp\/v2\/categories?post=5550"},{"taxonomy":"post_tag","embeddable":true,"href":"https:\/\/cristinacortinas.org\/sustentabilidad\/wp-json\/wp\/v2\/tags?post=5550"}],"curies":[{"name":"wp","href":"https:\/\/api.w.org\/{rel}","templated":true}]}}