{"id":4794,"date":"2017-10-12T12:49:44","date_gmt":"2017-10-12T17:49:44","guid":{"rendered":"http:\/\/cristinacortinas.org\/sustentabilidad\/?p=4794"},"modified":"2017-10-12T12:49:44","modified_gmt":"2017-10-12T17:49:44","slug":"iniciativas-sociales-para-apoyar-en-la-reconstruccion-tras-sismos","status":"publish","type":"post","link":"https:\/\/cristinacortinas.org\/sustentabilidad\/iniciativas-sociales-para-apoyar-en-la-reconstruccion-tras-sismos\/","title":{"rendered":"Iniciativas sociales para apoyar en la reconstrucci\u00f3n tras sismos"},"content":{"rendered":"<p>Estimad@os amig@os,<\/p>\n<p>En seguimiento al art\u00edculo que escrib\u00ed sobre \u201cIdeas para avanzar en la organizaci\u00f3n del apoyo social a la reconstrucci\u00f3n en caso de desastre\u201d (disponible en la secci\u00f3n de seguridad humana en mi p\u00e1gina: <a href=\"http:\/\/www.cristinacortinas.org\">www.cristinacortinas.org<\/a>), les hago llegar dos iniciativas sociales para apoyar la reconstrucci\u00f3n tras los sismos de Oaxaca, una de ellas del pintor Francisco Toledo, que coinciden en se\u00f1alar la importancia de que se respete la arquitectura, materiales y tradiciones culturales de la regi\u00f3n.<\/p>\n<p>En lo personal, me unir\u00e9 a la \u201cIniciativa de Reconstrucci\u00f3n auto - organizada de la vivienda en el Istmo \/ Oaxaca\u201d, para aprender como ser \u00fatil en estos casos, pues re\u00fane los elementos que en mi art\u00edculo fueron considerados relevantes para que los ciudadanos trabajemos junto con las comunidades afectadas para lograr su recuperaci\u00f3n.<\/p>\n<table>\n<tbody>\n<tr>\n<td width=\"599\">QUIENES DESEEN APOYAR LO PUEDEN HACER COMO SIGUE:<\/p>\n<p>1.\u00a0\u00a0\u00a0\u00a0 \u00a0Apoyo con sus habilidades \/ recursos humanos (desde la computadora donde est\u00e9n, hasta trabajo en las comunidades afectadas, cada uno seg\u00fan su habilidad, donde quieren apoyar seg\u00fan su disposici\u00f3n y tiempo).<\/p>\n<p>Quienes se interesan, vean en la p\u00e1gina de Ecoconstructores Oaxaca: <a href=\"https:\/\/www.facebook.com\/ecoconstructores.oaxaca\">https:\/\/www.facebook.com\/ecoconstructores.oaxaca<\/a> para saber qu\u00e9 proyecto requiere voluntarios (no monopolizamos los voluntarios para \u00fanicamente nuestros proyectos, tambi\u00e9n publicamos para otros proyectos que trabajan seg\u00fan nuestros lineamientos que vienen al fin de este correo) Otros interesados se pueden dirigir directamente a Dr. Elvira Schwanse, <a href=\"mailto:arquitectaelvira@hotmail.com\">arquitectaelvira@hotmail.com<\/a>, skype: schwansee3, cel. +52 155 39027223 \u00a0(o la persona correspondiente en el momento que se encuentre alguien que se encargue de esta tarea)<\/p>\n<p>2.\u00a0\u00a0\u00a0\u00a0 \u00a0Apoyo con herramientas, material, veh\u00edculos, etc. para las brigadas, la capacitaci\u00f3n y la reconstrucci\u00f3n. Para este campo tenemos una red y nos apoya la Fundacion Primero Por TI de Oaxaca. (Al momento nos faltan veh\u00edculos, mi camioneta est\u00e1 a 100% aprovechada, y la de Marcos la necesita tambi\u00e9n su familia)<\/p>\n<p>Contacto (y \u00a0muchisimas gracias por este apoyo fuerte):<\/p>\n<p>Facebook: Alonso Islas<\/p>\n<p><a href=\"https:\/\/www.facebook.com\/primeroporti\">https:\/\/www.facebook.com\/primeroporti<\/a><\/p>\n<p>email: <a href=\"mailto:direccion@primeroporti.org\">direccion@primeroporti.org<\/a><\/p>\n<p>3.\u00a0\u00a0\u00a0\u00a0 \u00a0Donaciones a trav\u00e9s de campa\u00f1as puntuales (siempre con tiempos limitados para nuestras diferentes intervenciones o acciones) \u00a1Si quieren apoyar con dinero, nos sirve un mont\u00f3n!<\/p>\n<p>Funciona muy simple a trav\u00e9s de esta p\u00e1gina:<\/p>\n<p><a href=\"https:\/\/donadora.mx\/projects\/manos-que-dan-vida\">https:\/\/donadora.mx\/projects\/manos-que-dan-vida<\/a><\/p>\n<p>La primera campa\u00f1a de donaci\u00f3n termina el 13 de octubre 2017 y est\u00e9n pendientes de las siguientes.<\/td>\n<\/tr>\n<\/tbody>\n<\/table>\n","protected":false},"excerpt":{"rendered":"<p>Estimad@os amig@os, En seguimiento al art\u00edculo que escrib\u00ed sobre \u201cIdeas para avanzar en la organizaci\u00f3n del apoyo social a la reconstrucci\u00f3n en caso de desastre\u201d (disponible en la secci\u00f3n de seguridad humana en mi p\u00e1gina: www.cristinacortinas.org), les hago llegar dos iniciativas sociales para apoyar la reconstrucci\u00f3n tras los sismos de Oaxaca, una de ellas del pintor Francisco Toledo, que coinciden&nbsp;<a href=\"https:\/\/cristinacortinas.org\/sustentabilidad\/iniciativas-sociales-para-apoyar-en-la-reconstruccion-tras-sismos\/\" class=\"read-more\">Seguir leyendo<\/a><\/p>\n","protected":false},"author":1,"featured_media":4796,"comment_status":"closed","ping_status":"closed","sticky":false,"template":"","format":"standard","meta":{"footnotes":""},"categories":[40],"tags":[],"class_list":["post-4794","post","type-post","status-publish","format-standard","has-post-thumbnail","hentry","category-noticias","cat-40-id"],"yoast_head":"<!-- This site is optimized with the Yoast SEO plugin v27.4 - https:\/\/yoast.com\/product\/yoast-seo-wordpress\/ -->\n<title>Iniciativas sociales para apoyar en la reconstrucci\u00f3n tras sismos - Dra. Ma. Cristina Cortinas Dur\u00e1n<\/title>\n<meta name=\"robots\" content=\"index, follow, max-snippet:-1, max-image-preview:large, max-video-preview:-1\" \/>\n<link rel=\"canonical\" href=\"https:\/\/cristinacortinas.org\/sustentabilidad\/iniciativas-sociales-para-apoyar-en-la-reconstruccion-tras-sismos\/\" \/>\n<meta property=\"og:locale\" content=\"es_ES\" \/>\n<meta property=\"og:type\" content=\"article\" \/>\n<meta property=\"og:title\" content=\"Iniciativas sociales para apoyar en la reconstrucci\u00f3n tras sismos - Dra. Ma. Cristina Cortinas Dur\u00e1n\" \/>\n<meta property=\"og:description\" content=\"Estimad@os amig@os, En seguimiento al art\u00edculo que escrib\u00ed sobre \u201cIdeas para avanzar en la organizaci\u00f3n del apoyo social a la reconstrucci\u00f3n en caso de desastre\u201d (disponible en la secci\u00f3n de seguridad humana en mi p\u00e1gina: www.cristinacortinas.org), les hago llegar dos iniciativas sociales para apoyar la reconstrucci\u00f3n tras los sismos de Oaxaca, una de ellas del pintor Francisco Toledo, que coinciden&nbsp;Seguir leyendo\" \/>\n<meta property=\"og:url\" content=\"https:\/\/cristinacortinas.org\/sustentabilidad\/iniciativas-sociales-para-apoyar-en-la-reconstruccion-tras-sismos\/\" \/>\n<meta property=\"og:site_name\" content=\"Dra. Ma. Cristina Cortinas Dur\u00e1n\" \/>\n<meta property=\"article:publisher\" content=\"https:\/\/www.facebook.com\/cristinacortinasduran\/\" \/>\n<meta property=\"article:published_time\" content=\"2017-10-12T17:49:44+00:00\" \/>\n<meta property=\"og:image\" content=\"https:\/\/cristinacortinas.org\/sustentabilidad\/wp-content\/uploads\/2017\/10\/Iniciativa-de-Reconstrucci\u00f3n-auto-organizada-de-la-vivienda-en-el-Istmo.jpg\" \/>\n\t<meta property=\"og:image:width\" content=\"702\" \/>\n\t<meta property=\"og:image:height\" content=\"468\" \/>\n\t<meta property=\"og:image:type\" content=\"image\/jpeg\" \/>\n<meta name=\"author\" content=\"CCristina\" \/>\n<meta name=\"twitter:card\" content=\"summary_large_image\" \/>\n<meta name=\"twitter:creator\" content=\"@DraCrisCortinas\" \/>\n<meta name=\"twitter:site\" content=\"@DraCrisCortinas\" \/>\n<meta name=\"twitter:label1\" content=\"Escrito por\" \/>\n\t<meta name=\"twitter:data1\" content=\"CCristina\" \/>\n\t<meta name=\"twitter:label2\" content=\"Tiempo de lectura\" \/>\n\t<meta name=\"twitter:data2\" content=\"2 minutos\" \/>\n<script type=\"application\/ld+json\" class=\"yoast-schema-graph\">{\"@context\":\"https:\\\/\\\/schema.org\",\"@graph\":[{\"@type\":\"Article\",\"@id\":\"https:\\\/\\\/cristinacortinas.org\\\/sustentabilidad\\\/iniciativas-sociales-para-apoyar-en-la-reconstruccion-tras-sismos\\\/#article\",\"isPartOf\":{\"@id\":\"https:\\\/\\\/cristinacortinas.org\\\/sustentabilidad\\\/iniciativas-sociales-para-apoyar-en-la-reconstruccion-tras-sismos\\\/\"},\"author\":{\"name\":\"CCristina\",\"@id\":\"https:\\\/\\\/cristinacortinas.org\\\/sustentabilidad\\\/#\\\/schema\\\/person\\\/230b4a4171b31e97671db5b680f06b08\"},\"headline\":\"Iniciativas sociales para apoyar en la reconstrucci\u00f3n tras sismos\",\"datePublished\":\"2017-10-12T17:49:44+00:00\",\"mainEntityOfPage\":{\"@id\":\"https:\\\/\\\/cristinacortinas.org\\\/sustentabilidad\\\/iniciativas-sociales-para-apoyar-en-la-reconstruccion-tras-sismos\\\/\"},\"wordCount\":416,\"image\":{\"@id\":\"https:\\\/\\\/cristinacortinas.org\\\/sustentabilidad\\\/iniciativas-sociales-para-apoyar-en-la-reconstruccion-tras-sismos\\\/#primaryimage\"},\"thumbnailUrl\":\"https:\\\/\\\/cristinacortinas.org\\\/sustentabilidad\\\/wp-content\\\/uploads\\\/2017\\\/10\\\/Iniciativa-de-Reconstrucci\u00f3n-auto-organizada-de-la-vivienda-en-el-Istmo.jpg\",\"articleSection\":[\"Noticias\"],\"inLanguage\":\"es\"},{\"@type\":\"WebPage\",\"@id\":\"https:\\\/\\\/cristinacortinas.org\\\/sustentabilidad\\\/iniciativas-sociales-para-apoyar-en-la-reconstruccion-tras-sismos\\\/\",\"url\":\"https:\\\/\\\/cristinacortinas.org\\\/sustentabilidad\\\/iniciativas-sociales-para-apoyar-en-la-reconstruccion-tras-sismos\\\/\",\"name\":\"Iniciativas sociales para apoyar en la reconstrucci\u00f3n tras sismos - Dra. Ma. Cristina Cortinas Dur\u00e1n\",\"isPartOf\":{\"@id\":\"https:\\\/\\\/cristinacortinas.org\\\/sustentabilidad\\\/#website\"},\"primaryImageOfPage\":{\"@id\":\"https:\\\/\\\/cristinacortinas.org\\\/sustentabilidad\\\/iniciativas-sociales-para-apoyar-en-la-reconstruccion-tras-sismos\\\/#primaryimage\"},\"image\":{\"@id\":\"https:\\\/\\\/cristinacortinas.org\\\/sustentabilidad\\\/iniciativas-sociales-para-apoyar-en-la-reconstruccion-tras-sismos\\\/#primaryimage\"},\"thumbnailUrl\":\"https:\\\/\\\/cristinacortinas.org\\\/sustentabilidad\\\/wp-content\\\/uploads\\\/2017\\\/10\\\/Iniciativa-de-Reconstrucci\u00f3n-auto-organizada-de-la-vivienda-en-el-Istmo.jpg\",\"datePublished\":\"2017-10-12T17:49:44+00:00\",\"author\":{\"@id\":\"https:\\\/\\\/cristinacortinas.org\\\/sustentabilidad\\\/#\\\/schema\\\/person\\\/230b4a4171b31e97671db5b680f06b08\"},\"breadcrumb\":{\"@id\":\"https:\\\/\\\/cristinacortinas.org\\\/sustentabilidad\\\/iniciativas-sociales-para-apoyar-en-la-reconstruccion-tras-sismos\\\/#breadcrumb\"},\"inLanguage\":\"es\",\"potentialAction\":[{\"@type\":\"ReadAction\",\"target\":[\"https:\\\/\\\/cristinacortinas.org\\\/sustentabilidad\\\/iniciativas-sociales-para-apoyar-en-la-reconstruccion-tras-sismos\\\/\"]}]},{\"@type\":\"ImageObject\",\"inLanguage\":\"es\",\"@id\":\"https:\\\/\\\/cristinacortinas.org\\\/sustentabilidad\\\/iniciativas-sociales-para-apoyar-en-la-reconstruccion-tras-sismos\\\/#primaryimage\",\"url\":\"https:\\\/\\\/cristinacortinas.org\\\/sustentabilidad\\\/wp-content\\\/uploads\\\/2017\\\/10\\\/Iniciativa-de-Reconstrucci\u00f3n-auto-organizada-de-la-vivienda-en-el-Istmo.jpg\",\"contentUrl\":\"https:\\\/\\\/cristinacortinas.org\\\/sustentabilidad\\\/wp-content\\\/uploads\\\/2017\\\/10\\\/Iniciativa-de-Reconstrucci\u00f3n-auto-organizada-de-la-vivienda-en-el-Istmo.jpg\",\"width\":702,\"height\":468},{\"@type\":\"BreadcrumbList\",\"@id\":\"https:\\\/\\\/cristinacortinas.org\\\/sustentabilidad\\\/iniciativas-sociales-para-apoyar-en-la-reconstruccion-tras-sismos\\\/#breadcrumb\",\"itemListElement\":[{\"@type\":\"ListItem\",\"position\":1,\"name\":\"Portada\",\"item\":\"https:\\\/\\\/cristinacortinas.org\\\/sustentabilidad\\\/\"},{\"@type\":\"ListItem\",\"position\":2,\"name\":\"Iniciativas sociales para apoyar en la reconstrucci\u00f3n tras sismos\"}]},{\"@type\":\"WebSite\",\"@id\":\"https:\\\/\\\/cristinacortinas.org\\\/sustentabilidad\\\/#website\",\"url\":\"https:\\\/\\\/cristinacortinas.org\\\/sustentabilidad\\\/\",\"name\":\"Dra. Ma. Cristina Cortinas Dur\u00e1n\",\"description\":\"\",\"potentialAction\":[{\"@type\":\"SearchAction\",\"target\":{\"@type\":\"EntryPoint\",\"urlTemplate\":\"https:\\\/\\\/cristinacortinas.org\\\/sustentabilidad\\\/?s={search_term_string}\"},\"query-input\":{\"@type\":\"PropertyValueSpecification\",\"valueRequired\":true,\"valueName\":\"search_term_string\"}}],\"inLanguage\":\"es\"},{\"@type\":\"Person\",\"@id\":\"https:\\\/\\\/cristinacortinas.org\\\/sustentabilidad\\\/#\\\/schema\\\/person\\\/230b4a4171b31e97671db5b680f06b08\",\"name\":\"CCristina\"}]}<\/script>\n<!-- \/ Yoast SEO plugin. -->","yoast_head_json":{"title":"Iniciativas sociales para apoyar en la reconstrucci\u00f3n tras sismos - Dra. Ma. Cristina Cortinas Dur\u00e1n","robots":{"index":"index","follow":"follow","max-snippet":"max-snippet:-1","max-image-preview":"max-image-preview:large","max-video-preview":"max-video-preview:-1"},"canonical":"https:\/\/cristinacortinas.org\/sustentabilidad\/iniciativas-sociales-para-apoyar-en-la-reconstruccion-tras-sismos\/","og_locale":"es_ES","og_type":"article","og_title":"Iniciativas sociales para apoyar en la reconstrucci\u00f3n tras sismos - Dra. Ma. Cristina Cortinas Dur\u00e1n","og_description":"Estimad@os amig@os, En seguimiento al art\u00edculo que escrib\u00ed sobre \u201cIdeas para avanzar en la organizaci\u00f3n del apoyo social a la reconstrucci\u00f3n en caso de desastre\u201d (disponible en la secci\u00f3n de seguridad humana en mi p\u00e1gina: www.cristinacortinas.org), les hago llegar dos iniciativas sociales para apoyar la reconstrucci\u00f3n tras los sismos de Oaxaca, una de ellas del pintor Francisco Toledo, que coinciden&nbsp;Seguir leyendo","og_url":"https:\/\/cristinacortinas.org\/sustentabilidad\/iniciativas-sociales-para-apoyar-en-la-reconstruccion-tras-sismos\/","og_site_name":"Dra. Ma. Cristina Cortinas Dur\u00e1n","article_publisher":"https:\/\/www.facebook.com\/cristinacortinasduran\/","article_published_time":"2017-10-12T17:49:44+00:00","og_image":[{"width":702,"height":468,"url":"https:\/\/cristinacortinas.org\/sustentabilidad\/wp-content\/uploads\/2017\/10\/Iniciativa-de-Reconstrucci\u00f3n-auto-organizada-de-la-vivienda-en-el-Istmo.jpg","type":"image\/jpeg"}],"author":"CCristina","twitter_card":"summary_large_image","twitter_creator":"@DraCrisCortinas","twitter_site":"@DraCrisCortinas","twitter_misc":{"Escrito por":"CCristina","Tiempo de lectura":"2 minutos"},"schema":{"@context":"https:\/\/schema.org","@graph":[{"@type":"Article","@id":"https:\/\/cristinacortinas.org\/sustentabilidad\/iniciativas-sociales-para-apoyar-en-la-reconstruccion-tras-sismos\/#article","isPartOf":{"@id":"https:\/\/cristinacortinas.org\/sustentabilidad\/iniciativas-sociales-para-apoyar-en-la-reconstruccion-tras-sismos\/"},"author":{"name":"CCristina","@id":"https:\/\/cristinacortinas.org\/sustentabilidad\/#\/schema\/person\/230b4a4171b31e97671db5b680f06b08"},"headline":"Iniciativas sociales para apoyar en la reconstrucci\u00f3n tras sismos","datePublished":"2017-10-12T17:49:44+00:00","mainEntityOfPage":{"@id":"https:\/\/cristinacortinas.org\/sustentabilidad\/iniciativas-sociales-para-apoyar-en-la-reconstruccion-tras-sismos\/"},"wordCount":416,"image":{"@id":"https:\/\/cristinacortinas.org\/sustentabilidad\/iniciativas-sociales-para-apoyar-en-la-reconstruccion-tras-sismos\/#primaryimage"},"thumbnailUrl":"https:\/\/cristinacortinas.org\/sustentabilidad\/wp-content\/uploads\/2017\/10\/Iniciativa-de-Reconstrucci\u00f3n-auto-organizada-de-la-vivienda-en-el-Istmo.jpg","articleSection":["Noticias"],"inLanguage":"es"},{"@type":"WebPage","@id":"https:\/\/cristinacortinas.org\/sustentabilidad\/iniciativas-sociales-para-apoyar-en-la-reconstruccion-tras-sismos\/","url":"https:\/\/cristinacortinas.org\/sustentabilidad\/iniciativas-sociales-para-apoyar-en-la-reconstruccion-tras-sismos\/","name":"Iniciativas sociales para apoyar en la reconstrucci\u00f3n tras sismos - Dra. Ma. Cristina Cortinas Dur\u00e1n","isPartOf":{"@id":"https:\/\/cristinacortinas.org\/sustentabilidad\/#website"},"primaryImageOfPage":{"@id":"https:\/\/cristinacortinas.org\/sustentabilidad\/iniciativas-sociales-para-apoyar-en-la-reconstruccion-tras-sismos\/#primaryimage"},"image":{"@id":"https:\/\/cristinacortinas.org\/sustentabilidad\/iniciativas-sociales-para-apoyar-en-la-reconstruccion-tras-sismos\/#primaryimage"},"thumbnailUrl":"https:\/\/cristinacortinas.org\/sustentabilidad\/wp-content\/uploads\/2017\/10\/Iniciativa-de-Reconstrucci\u00f3n-auto-organizada-de-la-vivienda-en-el-Istmo.jpg","datePublished":"2017-10-12T17:49:44+00:00","author":{"@id":"https:\/\/cristinacortinas.org\/sustentabilidad\/#\/schema\/person\/230b4a4171b31e97671db5b680f06b08"},"breadcrumb":{"@id":"https:\/\/cristinacortinas.org\/sustentabilidad\/iniciativas-sociales-para-apoyar-en-la-reconstruccion-tras-sismos\/#breadcrumb"},"inLanguage":"es","potentialAction":[{"@type":"ReadAction","target":["https:\/\/cristinacortinas.org\/sustentabilidad\/iniciativas-sociales-para-apoyar-en-la-reconstruccion-tras-sismos\/"]}]},{"@type":"ImageObject","inLanguage":"es","@id":"https:\/\/cristinacortinas.org\/sustentabilidad\/iniciativas-sociales-para-apoyar-en-la-reconstruccion-tras-sismos\/#primaryimage","url":"https:\/\/cristinacortinas.org\/sustentabilidad\/wp-content\/uploads\/2017\/10\/Iniciativa-de-Reconstrucci\u00f3n-auto-organizada-de-la-vivienda-en-el-Istmo.jpg","contentUrl":"https:\/\/cristinacortinas.org\/sustentabilidad\/wp-content\/uploads\/2017\/10\/Iniciativa-de-Reconstrucci\u00f3n-auto-organizada-de-la-vivienda-en-el-Istmo.jpg","width":702,"height":468},{"@type":"BreadcrumbList","@id":"https:\/\/cristinacortinas.org\/sustentabilidad\/iniciativas-sociales-para-apoyar-en-la-reconstruccion-tras-sismos\/#breadcrumb","itemListElement":[{"@type":"ListItem","position":1,"name":"Portada","item":"https:\/\/cristinacortinas.org\/sustentabilidad\/"},{"@type":"ListItem","position":2,"name":"Iniciativas sociales para apoyar en la reconstrucci\u00f3n tras sismos"}]},{"@type":"WebSite","@id":"https:\/\/cristinacortinas.org\/sustentabilidad\/#website","url":"https:\/\/cristinacortinas.org\/sustentabilidad\/","name":"Dra. Ma. Cristina Cortinas Dur\u00e1n","description":"","potentialAction":[{"@type":"SearchAction","target":{"@type":"EntryPoint","urlTemplate":"https:\/\/cristinacortinas.org\/sustentabilidad\/?s={search_term_string}"},"query-input":{"@type":"PropertyValueSpecification","valueRequired":true,"valueName":"search_term_string"}}],"inLanguage":"es"},{"@type":"Person","@id":"https:\/\/cristinacortinas.org\/sustentabilidad\/#\/schema\/person\/230b4a4171b31e97671db5b680f06b08","name":"CCristina"}]}},"_links":{"self":[{"href":"https:\/\/cristinacortinas.org\/sustentabilidad\/wp-json\/wp\/v2\/posts\/4794","targetHints":{"allow":["GET"]}}],"collection":[{"href":"https:\/\/cristinacortinas.org\/sustentabilidad\/wp-json\/wp\/v2\/posts"}],"about":[{"href":"https:\/\/cristinacortinas.org\/sustentabilidad\/wp-json\/wp\/v2\/types\/post"}],"author":[{"embeddable":true,"href":"https:\/\/cristinacortinas.org\/sustentabilidad\/wp-json\/wp\/v2\/users\/1"}],"replies":[{"embeddable":true,"href":"https:\/\/cristinacortinas.org\/sustentabilidad\/wp-json\/wp\/v2\/comments?post=4794"}],"version-history":[{"count":1,"href":"https:\/\/cristinacortinas.org\/sustentabilidad\/wp-json\/wp\/v2\/posts\/4794\/revisions"}],"predecessor-version":[{"id":4797,"href":"https:\/\/cristinacortinas.org\/sustentabilidad\/wp-json\/wp\/v2\/posts\/4794\/revisions\/4797"}],"wp:featuredmedia":[{"embeddable":true,"href":"https:\/\/cristinacortinas.org\/sustentabilidad\/wp-json\/wp\/v2\/media\/4796"}],"wp:attachment":[{"href":"https:\/\/cristinacortinas.org\/sustentabilidad\/wp-json\/wp\/v2\/media?parent=4794"}],"wp:term":[{"taxonomy":"category","embeddable":true,"href":"https:\/\/cristinacortinas.org\/sustentabilidad\/wp-json\/wp\/v2\/categories?post=4794"},{"taxonomy":"post_tag","embeddable":true,"href":"https:\/\/cristinacortinas.org\/sustentabilidad\/wp-json\/wp\/v2\/tags?post=4794"}],"curies":[{"name":"wp","href":"https:\/\/api.w.org\/{rel}","templated":true}]}}