{"id":4344,"date":"2017-06-21T14:54:20","date_gmt":"2017-06-21T19:54:20","guid":{"rendered":"http:\/\/cristinacortinas.org\/sustentabilidad\/?p=4344"},"modified":"2017-06-21T14:54:20","modified_gmt":"2017-06-21T19:54:20","slug":"presentan-programa-estatal-para-la-prevencion-y-gestion-integral-de-residuos-del-estado-de-jalisco","status":"publish","type":"post","link":"https:\/\/cristinacortinas.org\/sustentabilidad\/presentan-programa-estatal-para-la-prevencion-y-gestion-integral-de-residuos-del-estado-de-jalisco\/","title":{"rendered":"Presentan Programa Estatal para la Prevenci\u00f3n y Gesti\u00f3n Integral de Residuos del Estado de Jalisco"},"content":{"rendered":"<p>ste mi\u00e9rcoles, la Secretar\u00eda de Medio Ambiente y Desarrollo Territorial (Semadet) present\u00f3 el Programa Estatal para la Prevenci\u00f3n y Gesti\u00f3n Integral de Residuos del Estado de Jalisco (PEPGIR) 2016-2020.<\/p>\n<p>En coordinaci\u00f3n con diversos sectores industriales y de la sociedad civil, la autoridad defini\u00f3 un plan de trabajo donde se establecieron 86 l\u00edneas de acci\u00f3n y 39 objetivos entre los que se incluye: crear un reglamento de ecolog\u00eda capacitaci\u00f3n con municipios a trav\u00e9s de la Semarnat, manejo adecuado del escombro la consolidaci\u00f3n de un manual ambiental para el sector de la construcci\u00f3n y la dotaci\u00f3n de recursos para los municipios par apoyar el manejo adecuado de los residuos.<\/p>\n<p>La titular de la Semadet, Magdalena Ru\u00edz Mej\u00eda, se\u00f1al\u00f3 que ejemplo de un manejo adecuado de los residuos en Jalisco es el sistema SIMAR que opera actualmente en ocho municipios como Mazamitla, Concepci\u00f3n de Buenos Aires y La Manzanilla de La Paz.<\/p>\n<div class=\"addtoany_share_save_container addtoany_content_bottom\">\u00a0<\/p>\n<article class=\"MediaCard\n           MediaCard--mediaForward\n\n           customisable-border\" dir=\"ltr\" data-scribe=\"component:card\"><\/p>\n<div class=\"MediaCard-mediaContainer js-cspForcedStyle\" data-style=\"padding-bottom: 50%\">\n<div class=\"MediaCard-mediaAsset\n                ImageGrid\n                ImageGrid--2\n                ImageGrid--roundedTop\n                \"><a class=\"ImageGrid-image\n                  ImageGrid-image-0\n                  CroppedImage\n\n                  CroppedImage--fillHeight\" href=\"https:\/\/twitter.com\/SemadetJal\/status\/875008725714522112\/photo\/1\"><img loading=\"lazy\" decoding=\"async\" class=\"CroppedImage-image js-cspForcedStyle\" title=\"Ver imagen en Twitter\" src=\"https:\/\/pbs.twimg.com\/media\/DCSnyRSVwAAG_fK.jpg:small\" alt=\"Ver imagen en Twitter\" width=\"1200\" height=\"900\" data-srcset=\"https%3A%2F%2Fpbs.twimg.com%2Fmedia%2FDCSnyRSVwAAG_fK.jpg%3Alarge 2048w,https%3A%2F%2Fpbs.twimg.com%2Fmedia%2FDCSnyRSVwAAG_fK.jpg 1200w,https%3A%2F%2Fpbs.twimg.com%2Fmedia%2FDCSnyRSVwAAG_fK.jpg%3Asmall 680w\" data-style=\"left:-11%;\n                    ;\" \/><\/a><a class=\"ImageGrid-image\n                  ImageGrid-image-1\n                  CroppedImage\n\n                  CroppedImage--fillHeight\" href=\"https:\/\/twitter.com\/SemadetJal\/status\/875008725714522112\/photo\/1\"><img loading=\"lazy\" decoding=\"async\" class=\"CroppedImage-image js-cspForcedStyle\" title=\"Ver imagen en Twitter\" src=\"https:\/\/pbs.twimg.com\/media\/DCSnyROUIAMUopK.jpg:small\" alt=\"Ver imagen en Twitter\" width=\"1200\" height=\"900\" data-srcset=\"https%3A%2F%2Fpbs.twimg.com%2Fmedia%2FDCSnyROUIAMUopK.jpg%3Alarge 2048w,https%3A%2F%2Fpbs.twimg.com%2Fmedia%2FDCSnyROUIAMUopK.jpg 1200w,https%3A%2F%2Fpbs.twimg.com%2Fmedia%2FDCSnyROUIAMUopK.jpg%3Asmall 680w\" data-style=\"left:-33%;\n                    ;\" \/><\/a><\/div>\n<\/div>\n<\/article>\n<div class=\"EmbeddedTweet-tweet\">\n<blockquote class=\"Tweet h-entry js-tweetIdInfo subject expanded \n<p>                    is-deciderHtmlWhitespace\" cite=\"https:\/\/twitter.com\/SemadetJal\/status\/875008725714522112\" data-tweet-id=\"875008725714522112\" data-scribe=\"section:subject\"><\/p>\n<div class=\"Tweet-header u-cf\">\n<div class=\"Tweet-brand u-floatRight\">\n<div class=\"Icon Icon--twitter \" title=\"\"><\/div>\n<p><span class=\"u-hiddenInNarrowEnv\"><a class=\"FollowButton follow-button profile\" title=\"Seguir a Semadet Jalisco en Twitter\" href=\"https:\/\/twitter.com\/SemadetJal\" data-scribe=\"component:followbutton\">Seguir<\/a><\/span><\/div>\n<div class=\"TweetAuthor \" data-scribe=\"component:author\"><a class=\"TweetAuthor-link Identity u-linkBlend\" href=\"https:\/\/twitter.com\/SemadetJal\" data-scribe=\"element:user_link\"><span class=\"TweetAuthor-avatar Identity-avatar\"><img decoding=\"async\" class=\"Avatar\" src=\"https:\/\/pbs.twimg.com\/profile_images\/876873715002130433\/qJWN5NiY_normal.jpg\" alt=\"\" data-scribe=\"element:avatar\" data-src-2x=\"https:\/\/pbs.twimg.com\/profile_images\/876873715002130433\/qJWN5NiY_bigger.jpg\" data-src-1x=\"https:\/\/pbs.twimg.com\/profile_images\/876873715002130433\/qJWN5NiY_normal.jpg\" \/><\/span><span class=\"TweetAuthor-name Identity-name customisable-highlight\" title=\"Semadet Jalisco\" data-scribe=\"element:name\">Semadet Jalisco<\/span> <span class=\"TweetAuthor-screenName Identity-screenName\" dir=\"ltr\" title=\"@SemadetJal\" data-scribe=\"element:screen_name\">@SemadetJal<\/span><\/a><\/div>\n<\/div>\n<div class=\"Tweet-body e-entry-content\" data-scribe=\"component:tweet\">\n<p class=\"Tweet-text e-entry-title\" dir=\"ltr\" lang=\"es\">El d\u00eda de hoy presentamos el Programa Estatal para la Prevenci\u00f3n y Gesti\u00f3n Integral de Residuos del Estado (PEPGIR)<\/p>\n<div class=\"Tweet-metadata dateline\"><a class=\"u-linkBlend u-url customisable-highlight long-permalink\" href=\"https:\/\/twitter.com\/SemadetJal\/status\/875008725714522112\" data-datetime=\"2017-06-14T15:15:11+0000\" data-scribe=\"element:full_timestamp\"><time class=\"dt-updated\" title=\"Publicado a las: 14 Jun 2017, 15:15:11 (UTC)\" datetime=\"2017-06-14T15:15:11+0000\">10:15 - 14 Jun 2017<\/time><\/a><\/div>\n<\/div>\n<\/blockquote>\n<\/div>\n<\/div>\n","protected":false},"excerpt":{"rendered":"<p>ste mi\u00e9rcoles, la Secretar\u00eda de Medio Ambiente y Desarrollo Territorial (Semadet) present\u00f3 el Programa Estatal para la Prevenci\u00f3n y Gesti\u00f3n Integral de Residuos del Estado de Jalisco (PEPGIR) 2016-2020. En coordinaci\u00f3n con diversos sectores industriales y de la sociedad civil, la autoridad defini\u00f3 un plan de trabajo donde se establecieron 86 l\u00edneas de acci\u00f3n y 39 objetivos entre los que&nbsp;<a href=\"https:\/\/cristinacortinas.org\/sustentabilidad\/presentan-programa-estatal-para-la-prevencion-y-gestion-integral-de-residuos-del-estado-de-jalisco\/\" class=\"read-more\">Seguir leyendo<\/a><\/p>\n","protected":false},"author":1,"featured_media":4347,"comment_status":"closed","ping_status":"closed","sticky":false,"template":"","format":"standard","meta":{"footnotes":""},"categories":[40],"tags":[],"class_list":["post-4344","post","type-post","status-publish","format-standard","has-post-thumbnail","hentry","category-noticias","cat-40-id"],"yoast_head":"<!-- This site is optimized with the Yoast SEO plugin v27.4 - https:\/\/yoast.com\/product\/yoast-seo-wordpress\/ -->\n<title>Presentan Programa Estatal para la Prevenci\u00f3n y Gesti\u00f3n Integral de Residuos del Estado de Jalisco - Dra. Ma. Cristina Cortinas Dur\u00e1n<\/title>\n<meta name=\"robots\" content=\"index, follow, max-snippet:-1, max-image-preview:large, max-video-preview:-1\" \/>\n<link rel=\"canonical\" href=\"https:\/\/cristinacortinas.org\/sustentabilidad\/presentan-programa-estatal-para-la-prevencion-y-gestion-integral-de-residuos-del-estado-de-jalisco\/\" \/>\n<meta property=\"og:locale\" content=\"es_ES\" \/>\n<meta property=\"og:type\" content=\"article\" \/>\n<meta property=\"og:title\" content=\"Presentan Programa Estatal para la Prevenci\u00f3n y Gesti\u00f3n Integral de Residuos del Estado de Jalisco - Dra. Ma. Cristina Cortinas Dur\u00e1n\" \/>\n<meta property=\"og:description\" content=\"ste mi\u00e9rcoles, la Secretar\u00eda de Medio Ambiente y Desarrollo Territorial (Semadet) present\u00f3 el Programa Estatal para la Prevenci\u00f3n y Gesti\u00f3n Integral de Residuos del Estado de Jalisco (PEPGIR) 2016-2020. En coordinaci\u00f3n con diversos sectores industriales y de la sociedad civil, la autoridad defini\u00f3 un plan de trabajo donde se establecieron 86 l\u00edneas de acci\u00f3n y 39 objetivos entre los que&nbsp;Seguir leyendo\" \/>\n<meta property=\"og:url\" content=\"https:\/\/cristinacortinas.org\/sustentabilidad\/presentan-programa-estatal-para-la-prevencion-y-gestion-integral-de-residuos-del-estado-de-jalisco\/\" \/>\n<meta property=\"og:site_name\" content=\"Dra. Ma. Cristina Cortinas Dur\u00e1n\" \/>\n<meta property=\"article:publisher\" content=\"https:\/\/www.facebook.com\/cristinacortinasduran\/\" \/>\n<meta property=\"article:published_time\" content=\"2017-06-21T19:54:20+00:00\" \/>\n<meta property=\"og:image\" content=\"https:\/\/cristinacortinas.org\/sustentabilidad\/wp-content\/uploads\/2017\/06\/Secretar\u00eda-de-Medio-Ambiente-y-Desarrollo-Territorial.jpeg\" \/>\n\t<meta property=\"og:image:width\" content=\"533\" \/>\n\t<meta property=\"og:image:height\" content=\"400\" \/>\n\t<meta property=\"og:image:type\" content=\"image\/jpeg\" \/>\n<meta name=\"author\" content=\"CCristina\" \/>\n<meta name=\"twitter:card\" content=\"summary_large_image\" \/>\n<meta name=\"twitter:creator\" content=\"@DraCrisCortinas\" \/>\n<meta name=\"twitter:site\" content=\"@DraCrisCortinas\" \/>\n<meta name=\"twitter:label1\" content=\"Escrito por\" \/>\n\t<meta name=\"twitter:data1\" content=\"CCristina\" \/>\n\t<meta name=\"twitter:label2\" content=\"Tiempo de lectura\" \/>\n\t<meta name=\"twitter:data2\" content=\"1 minuto\" \/>\n<script type=\"application\/ld+json\" class=\"yoast-schema-graph\">{\"@context\":\"https:\\\/\\\/schema.org\",\"@graph\":[{\"@type\":\"Article\",\"@id\":\"https:\\\/\\\/cristinacortinas.org\\\/sustentabilidad\\\/presentan-programa-estatal-para-la-prevencion-y-gestion-integral-de-residuos-del-estado-de-jalisco\\\/#article\",\"isPartOf\":{\"@id\":\"https:\\\/\\\/cristinacortinas.org\\\/sustentabilidad\\\/presentan-programa-estatal-para-la-prevencion-y-gestion-integral-de-residuos-del-estado-de-jalisco\\\/\"},\"author\":{\"name\":\"CCristina\",\"@id\":\"https:\\\/\\\/cristinacortinas.org\\\/sustentabilidad\\\/#\\\/schema\\\/person\\\/230b4a4171b31e97671db5b680f06b08\"},\"headline\":\"Presentan Programa Estatal para la Prevenci\u00f3n y Gesti\u00f3n Integral de Residuos del Estado de Jalisco\",\"datePublished\":\"2017-06-21T19:54:20+00:00\",\"mainEntityOfPage\":{\"@id\":\"https:\\\/\\\/cristinacortinas.org\\\/sustentabilidad\\\/presentan-programa-estatal-para-la-prevencion-y-gestion-integral-de-residuos-del-estado-de-jalisco\\\/\"},\"wordCount\":209,\"image\":{\"@id\":\"https:\\\/\\\/cristinacortinas.org\\\/sustentabilidad\\\/presentan-programa-estatal-para-la-prevencion-y-gestion-integral-de-residuos-del-estado-de-jalisco\\\/#primaryimage\"},\"thumbnailUrl\":\"https:\\\/\\\/cristinacortinas.org\\\/sustentabilidad\\\/wp-content\\\/uploads\\\/2017\\\/06\\\/Secretar\u00eda-de-Medio-Ambiente-y-Desarrollo-Territorial.jpeg\",\"articleSection\":[\"Noticias\"],\"inLanguage\":\"es\"},{\"@type\":\"WebPage\",\"@id\":\"https:\\\/\\\/cristinacortinas.org\\\/sustentabilidad\\\/presentan-programa-estatal-para-la-prevencion-y-gestion-integral-de-residuos-del-estado-de-jalisco\\\/\",\"url\":\"https:\\\/\\\/cristinacortinas.org\\\/sustentabilidad\\\/presentan-programa-estatal-para-la-prevencion-y-gestion-integral-de-residuos-del-estado-de-jalisco\\\/\",\"name\":\"Presentan Programa Estatal para la Prevenci\u00f3n y Gesti\u00f3n Integral de Residuos del Estado de Jalisco - Dra. Ma. Cristina Cortinas Dur\u00e1n\",\"isPartOf\":{\"@id\":\"https:\\\/\\\/cristinacortinas.org\\\/sustentabilidad\\\/#website\"},\"primaryImageOfPage\":{\"@id\":\"https:\\\/\\\/cristinacortinas.org\\\/sustentabilidad\\\/presentan-programa-estatal-para-la-prevencion-y-gestion-integral-de-residuos-del-estado-de-jalisco\\\/#primaryimage\"},\"image\":{\"@id\":\"https:\\\/\\\/cristinacortinas.org\\\/sustentabilidad\\\/presentan-programa-estatal-para-la-prevencion-y-gestion-integral-de-residuos-del-estado-de-jalisco\\\/#primaryimage\"},\"thumbnailUrl\":\"https:\\\/\\\/cristinacortinas.org\\\/sustentabilidad\\\/wp-content\\\/uploads\\\/2017\\\/06\\\/Secretar\u00eda-de-Medio-Ambiente-y-Desarrollo-Territorial.jpeg\",\"datePublished\":\"2017-06-21T19:54:20+00:00\",\"author\":{\"@id\":\"https:\\\/\\\/cristinacortinas.org\\\/sustentabilidad\\\/#\\\/schema\\\/person\\\/230b4a4171b31e97671db5b680f06b08\"},\"breadcrumb\":{\"@id\":\"https:\\\/\\\/cristinacortinas.org\\\/sustentabilidad\\\/presentan-programa-estatal-para-la-prevencion-y-gestion-integral-de-residuos-del-estado-de-jalisco\\\/#breadcrumb\"},\"inLanguage\":\"es\",\"potentialAction\":[{\"@type\":\"ReadAction\",\"target\":[\"https:\\\/\\\/cristinacortinas.org\\\/sustentabilidad\\\/presentan-programa-estatal-para-la-prevencion-y-gestion-integral-de-residuos-del-estado-de-jalisco\\\/\"]}]},{\"@type\":\"ImageObject\",\"inLanguage\":\"es\",\"@id\":\"https:\\\/\\\/cristinacortinas.org\\\/sustentabilidad\\\/presentan-programa-estatal-para-la-prevencion-y-gestion-integral-de-residuos-del-estado-de-jalisco\\\/#primaryimage\",\"url\":\"https:\\\/\\\/cristinacortinas.org\\\/sustentabilidad\\\/wp-content\\\/uploads\\\/2017\\\/06\\\/Secretar\u00eda-de-Medio-Ambiente-y-Desarrollo-Territorial.jpeg\",\"contentUrl\":\"https:\\\/\\\/cristinacortinas.org\\\/sustentabilidad\\\/wp-content\\\/uploads\\\/2017\\\/06\\\/Secretar\u00eda-de-Medio-Ambiente-y-Desarrollo-Territorial.jpeg\",\"width\":533,\"height\":400},{\"@type\":\"BreadcrumbList\",\"@id\":\"https:\\\/\\\/cristinacortinas.org\\\/sustentabilidad\\\/presentan-programa-estatal-para-la-prevencion-y-gestion-integral-de-residuos-del-estado-de-jalisco\\\/#breadcrumb\",\"itemListElement\":[{\"@type\":\"ListItem\",\"position\":1,\"name\":\"Portada\",\"item\":\"https:\\\/\\\/cristinacortinas.org\\\/sustentabilidad\\\/\"},{\"@type\":\"ListItem\",\"position\":2,\"name\":\"Presentan Programa Estatal para la Prevenci\u00f3n y Gesti\u00f3n Integral de Residuos del Estado de Jalisco\"}]},{\"@type\":\"WebSite\",\"@id\":\"https:\\\/\\\/cristinacortinas.org\\\/sustentabilidad\\\/#website\",\"url\":\"https:\\\/\\\/cristinacortinas.org\\\/sustentabilidad\\\/\",\"name\":\"Dra. Ma. Cristina Cortinas Dur\u00e1n\",\"description\":\"\",\"potentialAction\":[{\"@type\":\"SearchAction\",\"target\":{\"@type\":\"EntryPoint\",\"urlTemplate\":\"https:\\\/\\\/cristinacortinas.org\\\/sustentabilidad\\\/?s={search_term_string}\"},\"query-input\":{\"@type\":\"PropertyValueSpecification\",\"valueRequired\":true,\"valueName\":\"search_term_string\"}}],\"inLanguage\":\"es\"},{\"@type\":\"Person\",\"@id\":\"https:\\\/\\\/cristinacortinas.org\\\/sustentabilidad\\\/#\\\/schema\\\/person\\\/230b4a4171b31e97671db5b680f06b08\",\"name\":\"CCristina\"}]}<\/script>\n<!-- \/ Yoast SEO plugin. -->","yoast_head_json":{"title":"Presentan Programa Estatal para la Prevenci\u00f3n y Gesti\u00f3n Integral de Residuos del Estado de Jalisco - Dra. Ma. Cristina Cortinas Dur\u00e1n","robots":{"index":"index","follow":"follow","max-snippet":"max-snippet:-1","max-image-preview":"max-image-preview:large","max-video-preview":"max-video-preview:-1"},"canonical":"https:\/\/cristinacortinas.org\/sustentabilidad\/presentan-programa-estatal-para-la-prevencion-y-gestion-integral-de-residuos-del-estado-de-jalisco\/","og_locale":"es_ES","og_type":"article","og_title":"Presentan Programa Estatal para la Prevenci\u00f3n y Gesti\u00f3n Integral de Residuos del Estado de Jalisco - Dra. Ma. Cristina Cortinas Dur\u00e1n","og_description":"ste mi\u00e9rcoles, la Secretar\u00eda de Medio Ambiente y Desarrollo Territorial (Semadet) present\u00f3 el Programa Estatal para la Prevenci\u00f3n y Gesti\u00f3n Integral de Residuos del Estado de Jalisco (PEPGIR) 2016-2020. En coordinaci\u00f3n con diversos sectores industriales y de la sociedad civil, la autoridad defini\u00f3 un plan de trabajo donde se establecieron 86 l\u00edneas de acci\u00f3n y 39 objetivos entre los que&nbsp;Seguir leyendo","og_url":"https:\/\/cristinacortinas.org\/sustentabilidad\/presentan-programa-estatal-para-la-prevencion-y-gestion-integral-de-residuos-del-estado-de-jalisco\/","og_site_name":"Dra. Ma. Cristina Cortinas Dur\u00e1n","article_publisher":"https:\/\/www.facebook.com\/cristinacortinasduran\/","article_published_time":"2017-06-21T19:54:20+00:00","og_image":[{"width":533,"height":400,"url":"https:\/\/cristinacortinas.org\/sustentabilidad\/wp-content\/uploads\/2017\/06\/Secretar\u00eda-de-Medio-Ambiente-y-Desarrollo-Territorial.jpeg","type":"image\/jpeg"}],"author":"CCristina","twitter_card":"summary_large_image","twitter_creator":"@DraCrisCortinas","twitter_site":"@DraCrisCortinas","twitter_misc":{"Escrito por":"CCristina","Tiempo de lectura":"1 minuto"},"schema":{"@context":"https:\/\/schema.org","@graph":[{"@type":"Article","@id":"https:\/\/cristinacortinas.org\/sustentabilidad\/presentan-programa-estatal-para-la-prevencion-y-gestion-integral-de-residuos-del-estado-de-jalisco\/#article","isPartOf":{"@id":"https:\/\/cristinacortinas.org\/sustentabilidad\/presentan-programa-estatal-para-la-prevencion-y-gestion-integral-de-residuos-del-estado-de-jalisco\/"},"author":{"name":"CCristina","@id":"https:\/\/cristinacortinas.org\/sustentabilidad\/#\/schema\/person\/230b4a4171b31e97671db5b680f06b08"},"headline":"Presentan Programa Estatal para la Prevenci\u00f3n y Gesti\u00f3n Integral de Residuos del Estado de Jalisco","datePublished":"2017-06-21T19:54:20+00:00","mainEntityOfPage":{"@id":"https:\/\/cristinacortinas.org\/sustentabilidad\/presentan-programa-estatal-para-la-prevencion-y-gestion-integral-de-residuos-del-estado-de-jalisco\/"},"wordCount":209,"image":{"@id":"https:\/\/cristinacortinas.org\/sustentabilidad\/presentan-programa-estatal-para-la-prevencion-y-gestion-integral-de-residuos-del-estado-de-jalisco\/#primaryimage"},"thumbnailUrl":"https:\/\/cristinacortinas.org\/sustentabilidad\/wp-content\/uploads\/2017\/06\/Secretar\u00eda-de-Medio-Ambiente-y-Desarrollo-Territorial.jpeg","articleSection":["Noticias"],"inLanguage":"es"},{"@type":"WebPage","@id":"https:\/\/cristinacortinas.org\/sustentabilidad\/presentan-programa-estatal-para-la-prevencion-y-gestion-integral-de-residuos-del-estado-de-jalisco\/","url":"https:\/\/cristinacortinas.org\/sustentabilidad\/presentan-programa-estatal-para-la-prevencion-y-gestion-integral-de-residuos-del-estado-de-jalisco\/","name":"Presentan Programa Estatal para la Prevenci\u00f3n y Gesti\u00f3n Integral de Residuos del Estado de Jalisco - Dra. Ma. Cristina Cortinas Dur\u00e1n","isPartOf":{"@id":"https:\/\/cristinacortinas.org\/sustentabilidad\/#website"},"primaryImageOfPage":{"@id":"https:\/\/cristinacortinas.org\/sustentabilidad\/presentan-programa-estatal-para-la-prevencion-y-gestion-integral-de-residuos-del-estado-de-jalisco\/#primaryimage"},"image":{"@id":"https:\/\/cristinacortinas.org\/sustentabilidad\/presentan-programa-estatal-para-la-prevencion-y-gestion-integral-de-residuos-del-estado-de-jalisco\/#primaryimage"},"thumbnailUrl":"https:\/\/cristinacortinas.org\/sustentabilidad\/wp-content\/uploads\/2017\/06\/Secretar\u00eda-de-Medio-Ambiente-y-Desarrollo-Territorial.jpeg","datePublished":"2017-06-21T19:54:20+00:00","author":{"@id":"https:\/\/cristinacortinas.org\/sustentabilidad\/#\/schema\/person\/230b4a4171b31e97671db5b680f06b08"},"breadcrumb":{"@id":"https:\/\/cristinacortinas.org\/sustentabilidad\/presentan-programa-estatal-para-la-prevencion-y-gestion-integral-de-residuos-del-estado-de-jalisco\/#breadcrumb"},"inLanguage":"es","potentialAction":[{"@type":"ReadAction","target":["https:\/\/cristinacortinas.org\/sustentabilidad\/presentan-programa-estatal-para-la-prevencion-y-gestion-integral-de-residuos-del-estado-de-jalisco\/"]}]},{"@type":"ImageObject","inLanguage":"es","@id":"https:\/\/cristinacortinas.org\/sustentabilidad\/presentan-programa-estatal-para-la-prevencion-y-gestion-integral-de-residuos-del-estado-de-jalisco\/#primaryimage","url":"https:\/\/cristinacortinas.org\/sustentabilidad\/wp-content\/uploads\/2017\/06\/Secretar\u00eda-de-Medio-Ambiente-y-Desarrollo-Territorial.jpeg","contentUrl":"https:\/\/cristinacortinas.org\/sustentabilidad\/wp-content\/uploads\/2017\/06\/Secretar\u00eda-de-Medio-Ambiente-y-Desarrollo-Territorial.jpeg","width":533,"height":400},{"@type":"BreadcrumbList","@id":"https:\/\/cristinacortinas.org\/sustentabilidad\/presentan-programa-estatal-para-la-prevencion-y-gestion-integral-de-residuos-del-estado-de-jalisco\/#breadcrumb","itemListElement":[{"@type":"ListItem","position":1,"name":"Portada","item":"https:\/\/cristinacortinas.org\/sustentabilidad\/"},{"@type":"ListItem","position":2,"name":"Presentan Programa Estatal para la Prevenci\u00f3n y Gesti\u00f3n Integral de Residuos del Estado de Jalisco"}]},{"@type":"WebSite","@id":"https:\/\/cristinacortinas.org\/sustentabilidad\/#website","url":"https:\/\/cristinacortinas.org\/sustentabilidad\/","name":"Dra. Ma. Cristina Cortinas Dur\u00e1n","description":"","potentialAction":[{"@type":"SearchAction","target":{"@type":"EntryPoint","urlTemplate":"https:\/\/cristinacortinas.org\/sustentabilidad\/?s={search_term_string}"},"query-input":{"@type":"PropertyValueSpecification","valueRequired":true,"valueName":"search_term_string"}}],"inLanguage":"es"},{"@type":"Person","@id":"https:\/\/cristinacortinas.org\/sustentabilidad\/#\/schema\/person\/230b4a4171b31e97671db5b680f06b08","name":"CCristina"}]}},"_links":{"self":[{"href":"https:\/\/cristinacortinas.org\/sustentabilidad\/wp-json\/wp\/v2\/posts\/4344","targetHints":{"allow":["GET"]}}],"collection":[{"href":"https:\/\/cristinacortinas.org\/sustentabilidad\/wp-json\/wp\/v2\/posts"}],"about":[{"href":"https:\/\/cristinacortinas.org\/sustentabilidad\/wp-json\/wp\/v2\/types\/post"}],"author":[{"embeddable":true,"href":"https:\/\/cristinacortinas.org\/sustentabilidad\/wp-json\/wp\/v2\/users\/1"}],"replies":[{"embeddable":true,"href":"https:\/\/cristinacortinas.org\/sustentabilidad\/wp-json\/wp\/v2\/comments?post=4344"}],"version-history":[{"count":1,"href":"https:\/\/cristinacortinas.org\/sustentabilidad\/wp-json\/wp\/v2\/posts\/4344\/revisions"}],"predecessor-version":[{"id":4348,"href":"https:\/\/cristinacortinas.org\/sustentabilidad\/wp-json\/wp\/v2\/posts\/4344\/revisions\/4348"}],"wp:featuredmedia":[{"embeddable":true,"href":"https:\/\/cristinacortinas.org\/sustentabilidad\/wp-json\/wp\/v2\/media\/4347"}],"wp:attachment":[{"href":"https:\/\/cristinacortinas.org\/sustentabilidad\/wp-json\/wp\/v2\/media?parent=4344"}],"wp:term":[{"taxonomy":"category","embeddable":true,"href":"https:\/\/cristinacortinas.org\/sustentabilidad\/wp-json\/wp\/v2\/categories?post=4344"},{"taxonomy":"post_tag","embeddable":true,"href":"https:\/\/cristinacortinas.org\/sustentabilidad\/wp-json\/wp\/v2\/tags?post=4344"}],"curies":[{"name":"wp","href":"https:\/\/api.w.org\/{rel}","templated":true}]}}