{"id":4075,"date":"2017-03-22T17:01:20","date_gmt":"2017-03-22T23:01:20","guid":{"rendered":"http:\/\/cristinacortinas.org\/sustentabilidad\/?p=4075"},"modified":"2017-03-22T17:01:20","modified_gmt":"2017-03-22T23:01:20","slug":"comision-para-la-cooperacion-ambiental-cca-de-america-del-norte","status":"publish","type":"post","link":"https:\/\/cristinacortinas.org\/sustentabilidad\/comision-para-la-cooperacion-ambiental-cca-de-america-del-norte\/","title":{"rendered":"Comisi\u00f3n para la Cooperaci\u00f3n Ambiental (CCA) de Am\u00e9rica del Norte"},"content":{"rendered":"<p style=\"text-align: left;\"><strong>Orden del d\u00eda provisional<\/strong><br \/>\nCanad\u00e1, Estados Unidos y M\u00e9xico producen una cantidad enorme y creciente de desechos de alimentos, con lo cual aumenta la presi\u00f3n sobre la tierra cultivable, se intensifica el impacto ambiental de la producci\u00f3n agr\u00edcola y se impone una carga en los sistemas de abasto y transporte de alimentos. El desperdicio alimentario tambi\u00e9n complica el cada vez mayor problema de manejar con eficacia y eficiencia los flujos de desechos org\u00e1nicos (incluidos alimentos, papel y cart\u00f3n, madera y ramas de poda). El manejo inadecuado de los desechos org\u00e1nicos agrava la contaminaci\u00f3n de las cuencas h\u00eddricas y de los cuerpos de agua. Tambi\u00e9n puede generar problemas de salud p\u00fablica, aumentar las enfermedades transmitidas por vectores y contribuir a las dif\u00edciles condiciones de vida de las comunidades pobres. Incluso cuando se les dispone adecuadamente en rellenos sanitarios, la descomposici\u00f3n de desechos org\u00e1nicos genera emisiones de metano, gas con efecto invernadero de corta vida que es 20 veces m\u00e1s potente que el di\u00f3xido de carbono.<\/p>\n<p style=\"text-align: left;\">\nPara hacer frente a estos problemas, los gobiernos deben trabajar al lado de la industria y las poblaciones afectadas con objeto de reducir el desperdicio de alimentos y destinar los flujos de desechos org\u00e1nicos a usos productivos, como la generaci\u00f3n de energ\u00eda y usos agr\u00edcolas. Este foro p\u00fablico del CCPC reunir\u00e1 a ciudadanos y grupos de inter\u00e9s con expertos del mundo acad\u00e9mico, gobiernos y sector privado con el fin de analizar la problem\u00e1tica, as\u00ed como los desaf\u00edos y las oportunidades para reducir, recuperar, desviar y procesar desechos alimentarios y org\u00e1nicos. En las sesiones de trabajo se revisar\u00e1n las fuentes, los tipos y el impacto ambiental de los desechos org\u00e1nicos; adem\u00e1s, se examinar\u00e1 la capacidad de los tres pa\u00edses para reducir la p\u00e9rdida y el desperdicio de alimentos e impulsar la recuperaci\u00f3n de desechos org\u00e1nicos en Am\u00e9rica del Norte.<\/p>\n<p style=\"text-align: left;\"><a href=\"http:\/\/cristinacortinas.org\/sustentabilidad\/wp-content\/uploads\/2017\/03\/Reducci\u00f3n-y-gesti\u00f3n-del-flujo-de-desechos-alimentarios-y-org\u00e1nicos-desaf\u00edos-y-oportunidades-en-Am\u00e9rica-del-Norte.pdf\">Programa: Reducci\u00f3n y gesti\u00f3n del flujo de desechos alimentarios y org\u00e1nicos- desaf\u00edos y oportunidades en Am\u00e9rica del Norte<\/a><\/p>\n","protected":false},"excerpt":{"rendered":"<p>Orden del d\u00eda provisional Canad\u00e1, Estados Unidos y M\u00e9xico producen una cantidad enorme y creciente de desechos de alimentos, con lo cual aumenta la presi\u00f3n sobre la tierra cultivable, se intensifica el impacto ambiental de la producci\u00f3n agr\u00edcola y se impone una carga en los sistemas de abasto y transporte de alimentos. El desperdicio alimentario tambi\u00e9n complica el cada vez&nbsp;<a href=\"https:\/\/cristinacortinas.org\/sustentabilidad\/comision-para-la-cooperacion-ambiental-cca-de-america-del-norte\/\" class=\"read-more\">Seguir leyendo<\/a><\/p>\n","protected":false},"author":1,"featured_media":4076,"comment_status":"closed","ping_status":"closed","sticky":false,"template":"","format":"standard","meta":{"footnotes":""},"categories":[40],"tags":[],"class_list":["post-4075","post","type-post","status-publish","format-standard","has-post-thumbnail","hentry","category-noticias","cat-40-id"],"yoast_head":"<!-- This site is optimized with the Yoast SEO plugin v27.4 - https:\/\/yoast.com\/product\/yoast-seo-wordpress\/ -->\n<title>Comisi\u00f3n para la Cooperaci\u00f3n Ambiental (CCA) de Am\u00e9rica del Norte - Dra. Ma. Cristina Cortinas Dur\u00e1n<\/title>\n<meta name=\"robots\" content=\"index, follow, max-snippet:-1, max-image-preview:large, max-video-preview:-1\" \/>\n<link rel=\"canonical\" href=\"https:\/\/cristinacortinas.org\/sustentabilidad\/comision-para-la-cooperacion-ambiental-cca-de-america-del-norte\/\" \/>\n<meta property=\"og:locale\" content=\"es_ES\" \/>\n<meta property=\"og:type\" content=\"article\" \/>\n<meta property=\"og:title\" content=\"Comisi\u00f3n para la Cooperaci\u00f3n Ambiental (CCA) de Am\u00e9rica del Norte - Dra. Ma. Cristina Cortinas Dur\u00e1n\" \/>\n<meta property=\"og:description\" content=\"Orden del d\u00eda provisional Canad\u00e1, Estados Unidos y M\u00e9xico producen una cantidad enorme y creciente de desechos de alimentos, con lo cual aumenta la presi\u00f3n sobre la tierra cultivable, se intensifica el impacto ambiental de la producci\u00f3n agr\u00edcola y se impone una carga en los sistemas de abasto y transporte de alimentos. El desperdicio alimentario tambi\u00e9n complica el cada vez&nbsp;Seguir leyendo\" \/>\n<meta property=\"og:url\" content=\"https:\/\/cristinacortinas.org\/sustentabilidad\/comision-para-la-cooperacion-ambiental-cca-de-america-del-norte\/\" \/>\n<meta property=\"og:site_name\" content=\"Dra. Ma. Cristina Cortinas Dur\u00e1n\" \/>\n<meta property=\"article:publisher\" content=\"https:\/\/www.facebook.com\/cristinacortinasduran\/\" \/>\n<meta property=\"article:published_time\" content=\"2017-03-22T23:01:20+00:00\" \/>\n<meta property=\"og:image\" content=\"https:\/\/cristinacortinas.org\/sustentabilidad\/wp-content\/uploads\/2017\/03\/Comisi\u00f3n-para-la-Cooperaci\u00f3n-Ambiental-CCA-de-Am\u00e9rica-del-Norte.jpg\" \/>\n\t<meta property=\"og:image:width\" content=\"768\" \/>\n\t<meta property=\"og:image:height\" content=\"427\" \/>\n\t<meta property=\"og:image:type\" content=\"image\/jpeg\" \/>\n<meta name=\"author\" content=\"CCristina\" \/>\n<meta name=\"twitter:card\" content=\"summary_large_image\" \/>\n<meta name=\"twitter:creator\" content=\"@DraCrisCortinas\" \/>\n<meta name=\"twitter:site\" content=\"@DraCrisCortinas\" \/>\n<meta name=\"twitter:label1\" content=\"Escrito por\" \/>\n\t<meta name=\"twitter:data1\" content=\"CCristina\" \/>\n\t<meta name=\"twitter:label2\" content=\"Tiempo de lectura\" \/>\n\t<meta name=\"twitter:data2\" content=\"2 minutos\" \/>\n<script type=\"application\/ld+json\" class=\"yoast-schema-graph\">{\"@context\":\"https:\\\/\\\/schema.org\",\"@graph\":[{\"@type\":\"Article\",\"@id\":\"https:\\\/\\\/cristinacortinas.org\\\/sustentabilidad\\\/comision-para-la-cooperacion-ambiental-cca-de-america-del-norte\\\/#article\",\"isPartOf\":{\"@id\":\"https:\\\/\\\/cristinacortinas.org\\\/sustentabilidad\\\/comision-para-la-cooperacion-ambiental-cca-de-america-del-norte\\\/\"},\"author\":{\"name\":\"CCristina\",\"@id\":\"https:\\\/\\\/cristinacortinas.org\\\/sustentabilidad\\\/#\\\/schema\\\/person\\\/230b4a4171b31e97671db5b680f06b08\"},\"headline\":\"Comisi\u00f3n para la Cooperaci\u00f3n Ambiental (CCA) de Am\u00e9rica del Norte\",\"datePublished\":\"2017-03-22T23:01:20+00:00\",\"mainEntityOfPage\":{\"@id\":\"https:\\\/\\\/cristinacortinas.org\\\/sustentabilidad\\\/comision-para-la-cooperacion-ambiental-cca-de-america-del-norte\\\/\"},\"wordCount\":373,\"image\":{\"@id\":\"https:\\\/\\\/cristinacortinas.org\\\/sustentabilidad\\\/comision-para-la-cooperacion-ambiental-cca-de-america-del-norte\\\/#primaryimage\"},\"thumbnailUrl\":\"https:\\\/\\\/cristinacortinas.org\\\/sustentabilidad\\\/wp-content\\\/uploads\\\/2017\\\/03\\\/Comisi\u00f3n-para-la-Cooperaci\u00f3n-Ambiental-CCA-de-Am\u00e9rica-del-Norte.jpg\",\"articleSection\":[\"Noticias\"],\"inLanguage\":\"es\"},{\"@type\":\"WebPage\",\"@id\":\"https:\\\/\\\/cristinacortinas.org\\\/sustentabilidad\\\/comision-para-la-cooperacion-ambiental-cca-de-america-del-norte\\\/\",\"url\":\"https:\\\/\\\/cristinacortinas.org\\\/sustentabilidad\\\/comision-para-la-cooperacion-ambiental-cca-de-america-del-norte\\\/\",\"name\":\"Comisi\u00f3n para la Cooperaci\u00f3n Ambiental (CCA) de Am\u00e9rica del Norte - Dra. Ma. Cristina Cortinas Dur\u00e1n\",\"isPartOf\":{\"@id\":\"https:\\\/\\\/cristinacortinas.org\\\/sustentabilidad\\\/#website\"},\"primaryImageOfPage\":{\"@id\":\"https:\\\/\\\/cristinacortinas.org\\\/sustentabilidad\\\/comision-para-la-cooperacion-ambiental-cca-de-america-del-norte\\\/#primaryimage\"},\"image\":{\"@id\":\"https:\\\/\\\/cristinacortinas.org\\\/sustentabilidad\\\/comision-para-la-cooperacion-ambiental-cca-de-america-del-norte\\\/#primaryimage\"},\"thumbnailUrl\":\"https:\\\/\\\/cristinacortinas.org\\\/sustentabilidad\\\/wp-content\\\/uploads\\\/2017\\\/03\\\/Comisi\u00f3n-para-la-Cooperaci\u00f3n-Ambiental-CCA-de-Am\u00e9rica-del-Norte.jpg\",\"datePublished\":\"2017-03-22T23:01:20+00:00\",\"author\":{\"@id\":\"https:\\\/\\\/cristinacortinas.org\\\/sustentabilidad\\\/#\\\/schema\\\/person\\\/230b4a4171b31e97671db5b680f06b08\"},\"breadcrumb\":{\"@id\":\"https:\\\/\\\/cristinacortinas.org\\\/sustentabilidad\\\/comision-para-la-cooperacion-ambiental-cca-de-america-del-norte\\\/#breadcrumb\"},\"inLanguage\":\"es\",\"potentialAction\":[{\"@type\":\"ReadAction\",\"target\":[\"https:\\\/\\\/cristinacortinas.org\\\/sustentabilidad\\\/comision-para-la-cooperacion-ambiental-cca-de-america-del-norte\\\/\"]}]},{\"@type\":\"ImageObject\",\"inLanguage\":\"es\",\"@id\":\"https:\\\/\\\/cristinacortinas.org\\\/sustentabilidad\\\/comision-para-la-cooperacion-ambiental-cca-de-america-del-norte\\\/#primaryimage\",\"url\":\"https:\\\/\\\/cristinacortinas.org\\\/sustentabilidad\\\/wp-content\\\/uploads\\\/2017\\\/03\\\/Comisi\u00f3n-para-la-Cooperaci\u00f3n-Ambiental-CCA-de-Am\u00e9rica-del-Norte.jpg\",\"contentUrl\":\"https:\\\/\\\/cristinacortinas.org\\\/sustentabilidad\\\/wp-content\\\/uploads\\\/2017\\\/03\\\/Comisi\u00f3n-para-la-Cooperaci\u00f3n-Ambiental-CCA-de-Am\u00e9rica-del-Norte.jpg\",\"width\":768,\"height\":427},{\"@type\":\"BreadcrumbList\",\"@id\":\"https:\\\/\\\/cristinacortinas.org\\\/sustentabilidad\\\/comision-para-la-cooperacion-ambiental-cca-de-america-del-norte\\\/#breadcrumb\",\"itemListElement\":[{\"@type\":\"ListItem\",\"position\":1,\"name\":\"Portada\",\"item\":\"https:\\\/\\\/cristinacortinas.org\\\/sustentabilidad\\\/\"},{\"@type\":\"ListItem\",\"position\":2,\"name\":\"Comisi\u00f3n para la Cooperaci\u00f3n Ambiental (CCA) de Am\u00e9rica del Norte\"}]},{\"@type\":\"WebSite\",\"@id\":\"https:\\\/\\\/cristinacortinas.org\\\/sustentabilidad\\\/#website\",\"url\":\"https:\\\/\\\/cristinacortinas.org\\\/sustentabilidad\\\/\",\"name\":\"Dra. Ma. Cristina Cortinas Dur\u00e1n\",\"description\":\"\",\"potentialAction\":[{\"@type\":\"SearchAction\",\"target\":{\"@type\":\"EntryPoint\",\"urlTemplate\":\"https:\\\/\\\/cristinacortinas.org\\\/sustentabilidad\\\/?s={search_term_string}\"},\"query-input\":{\"@type\":\"PropertyValueSpecification\",\"valueRequired\":true,\"valueName\":\"search_term_string\"}}],\"inLanguage\":\"es\"},{\"@type\":\"Person\",\"@id\":\"https:\\\/\\\/cristinacortinas.org\\\/sustentabilidad\\\/#\\\/schema\\\/person\\\/230b4a4171b31e97671db5b680f06b08\",\"name\":\"CCristina\"}]}<\/script>\n<!-- \/ Yoast SEO plugin. -->","yoast_head_json":{"title":"Comisi\u00f3n para la Cooperaci\u00f3n Ambiental (CCA) de Am\u00e9rica del Norte - Dra. Ma. Cristina Cortinas Dur\u00e1n","robots":{"index":"index","follow":"follow","max-snippet":"max-snippet:-1","max-image-preview":"max-image-preview:large","max-video-preview":"max-video-preview:-1"},"canonical":"https:\/\/cristinacortinas.org\/sustentabilidad\/comision-para-la-cooperacion-ambiental-cca-de-america-del-norte\/","og_locale":"es_ES","og_type":"article","og_title":"Comisi\u00f3n para la Cooperaci\u00f3n Ambiental (CCA) de Am\u00e9rica del Norte - Dra. Ma. Cristina Cortinas Dur\u00e1n","og_description":"Orden del d\u00eda provisional Canad\u00e1, Estados Unidos y M\u00e9xico producen una cantidad enorme y creciente de desechos de alimentos, con lo cual aumenta la presi\u00f3n sobre la tierra cultivable, se intensifica el impacto ambiental de la producci\u00f3n agr\u00edcola y se impone una carga en los sistemas de abasto y transporte de alimentos. El desperdicio alimentario tambi\u00e9n complica el cada vez&nbsp;Seguir leyendo","og_url":"https:\/\/cristinacortinas.org\/sustentabilidad\/comision-para-la-cooperacion-ambiental-cca-de-america-del-norte\/","og_site_name":"Dra. Ma. Cristina Cortinas Dur\u00e1n","article_publisher":"https:\/\/www.facebook.com\/cristinacortinasduran\/","article_published_time":"2017-03-22T23:01:20+00:00","og_image":[{"width":768,"height":427,"url":"https:\/\/cristinacortinas.org\/sustentabilidad\/wp-content\/uploads\/2017\/03\/Comisi\u00f3n-para-la-Cooperaci\u00f3n-Ambiental-CCA-de-Am\u00e9rica-del-Norte.jpg","type":"image\/jpeg"}],"author":"CCristina","twitter_card":"summary_large_image","twitter_creator":"@DraCrisCortinas","twitter_site":"@DraCrisCortinas","twitter_misc":{"Escrito por":"CCristina","Tiempo de lectura":"2 minutos"},"schema":{"@context":"https:\/\/schema.org","@graph":[{"@type":"Article","@id":"https:\/\/cristinacortinas.org\/sustentabilidad\/comision-para-la-cooperacion-ambiental-cca-de-america-del-norte\/#article","isPartOf":{"@id":"https:\/\/cristinacortinas.org\/sustentabilidad\/comision-para-la-cooperacion-ambiental-cca-de-america-del-norte\/"},"author":{"name":"CCristina","@id":"https:\/\/cristinacortinas.org\/sustentabilidad\/#\/schema\/person\/230b4a4171b31e97671db5b680f06b08"},"headline":"Comisi\u00f3n para la Cooperaci\u00f3n Ambiental (CCA) de Am\u00e9rica del Norte","datePublished":"2017-03-22T23:01:20+00:00","mainEntityOfPage":{"@id":"https:\/\/cristinacortinas.org\/sustentabilidad\/comision-para-la-cooperacion-ambiental-cca-de-america-del-norte\/"},"wordCount":373,"image":{"@id":"https:\/\/cristinacortinas.org\/sustentabilidad\/comision-para-la-cooperacion-ambiental-cca-de-america-del-norte\/#primaryimage"},"thumbnailUrl":"https:\/\/cristinacortinas.org\/sustentabilidad\/wp-content\/uploads\/2017\/03\/Comisi\u00f3n-para-la-Cooperaci\u00f3n-Ambiental-CCA-de-Am\u00e9rica-del-Norte.jpg","articleSection":["Noticias"],"inLanguage":"es"},{"@type":"WebPage","@id":"https:\/\/cristinacortinas.org\/sustentabilidad\/comision-para-la-cooperacion-ambiental-cca-de-america-del-norte\/","url":"https:\/\/cristinacortinas.org\/sustentabilidad\/comision-para-la-cooperacion-ambiental-cca-de-america-del-norte\/","name":"Comisi\u00f3n para la Cooperaci\u00f3n Ambiental (CCA) de Am\u00e9rica del Norte - Dra. Ma. Cristina Cortinas Dur\u00e1n","isPartOf":{"@id":"https:\/\/cristinacortinas.org\/sustentabilidad\/#website"},"primaryImageOfPage":{"@id":"https:\/\/cristinacortinas.org\/sustentabilidad\/comision-para-la-cooperacion-ambiental-cca-de-america-del-norte\/#primaryimage"},"image":{"@id":"https:\/\/cristinacortinas.org\/sustentabilidad\/comision-para-la-cooperacion-ambiental-cca-de-america-del-norte\/#primaryimage"},"thumbnailUrl":"https:\/\/cristinacortinas.org\/sustentabilidad\/wp-content\/uploads\/2017\/03\/Comisi\u00f3n-para-la-Cooperaci\u00f3n-Ambiental-CCA-de-Am\u00e9rica-del-Norte.jpg","datePublished":"2017-03-22T23:01:20+00:00","author":{"@id":"https:\/\/cristinacortinas.org\/sustentabilidad\/#\/schema\/person\/230b4a4171b31e97671db5b680f06b08"},"breadcrumb":{"@id":"https:\/\/cristinacortinas.org\/sustentabilidad\/comision-para-la-cooperacion-ambiental-cca-de-america-del-norte\/#breadcrumb"},"inLanguage":"es","potentialAction":[{"@type":"ReadAction","target":["https:\/\/cristinacortinas.org\/sustentabilidad\/comision-para-la-cooperacion-ambiental-cca-de-america-del-norte\/"]}]},{"@type":"ImageObject","inLanguage":"es","@id":"https:\/\/cristinacortinas.org\/sustentabilidad\/comision-para-la-cooperacion-ambiental-cca-de-america-del-norte\/#primaryimage","url":"https:\/\/cristinacortinas.org\/sustentabilidad\/wp-content\/uploads\/2017\/03\/Comisi\u00f3n-para-la-Cooperaci\u00f3n-Ambiental-CCA-de-Am\u00e9rica-del-Norte.jpg","contentUrl":"https:\/\/cristinacortinas.org\/sustentabilidad\/wp-content\/uploads\/2017\/03\/Comisi\u00f3n-para-la-Cooperaci\u00f3n-Ambiental-CCA-de-Am\u00e9rica-del-Norte.jpg","width":768,"height":427},{"@type":"BreadcrumbList","@id":"https:\/\/cristinacortinas.org\/sustentabilidad\/comision-para-la-cooperacion-ambiental-cca-de-america-del-norte\/#breadcrumb","itemListElement":[{"@type":"ListItem","position":1,"name":"Portada","item":"https:\/\/cristinacortinas.org\/sustentabilidad\/"},{"@type":"ListItem","position":2,"name":"Comisi\u00f3n para la Cooperaci\u00f3n Ambiental (CCA) de Am\u00e9rica del Norte"}]},{"@type":"WebSite","@id":"https:\/\/cristinacortinas.org\/sustentabilidad\/#website","url":"https:\/\/cristinacortinas.org\/sustentabilidad\/","name":"Dra. Ma. Cristina Cortinas Dur\u00e1n","description":"","potentialAction":[{"@type":"SearchAction","target":{"@type":"EntryPoint","urlTemplate":"https:\/\/cristinacortinas.org\/sustentabilidad\/?s={search_term_string}"},"query-input":{"@type":"PropertyValueSpecification","valueRequired":true,"valueName":"search_term_string"}}],"inLanguage":"es"},{"@type":"Person","@id":"https:\/\/cristinacortinas.org\/sustentabilidad\/#\/schema\/person\/230b4a4171b31e97671db5b680f06b08","name":"CCristina"}]}},"_links":{"self":[{"href":"https:\/\/cristinacortinas.org\/sustentabilidad\/wp-json\/wp\/v2\/posts\/4075","targetHints":{"allow":["GET"]}}],"collection":[{"href":"https:\/\/cristinacortinas.org\/sustentabilidad\/wp-json\/wp\/v2\/posts"}],"about":[{"href":"https:\/\/cristinacortinas.org\/sustentabilidad\/wp-json\/wp\/v2\/types\/post"}],"author":[{"embeddable":true,"href":"https:\/\/cristinacortinas.org\/sustentabilidad\/wp-json\/wp\/v2\/users\/1"}],"replies":[{"embeddable":true,"href":"https:\/\/cristinacortinas.org\/sustentabilidad\/wp-json\/wp\/v2\/comments?post=4075"}],"version-history":[{"count":1,"href":"https:\/\/cristinacortinas.org\/sustentabilidad\/wp-json\/wp\/v2\/posts\/4075\/revisions"}],"predecessor-version":[{"id":4078,"href":"https:\/\/cristinacortinas.org\/sustentabilidad\/wp-json\/wp\/v2\/posts\/4075\/revisions\/4078"}],"wp:featuredmedia":[{"embeddable":true,"href":"https:\/\/cristinacortinas.org\/sustentabilidad\/wp-json\/wp\/v2\/media\/4076"}],"wp:attachment":[{"href":"https:\/\/cristinacortinas.org\/sustentabilidad\/wp-json\/wp\/v2\/media?parent=4075"}],"wp:term":[{"taxonomy":"category","embeddable":true,"href":"https:\/\/cristinacortinas.org\/sustentabilidad\/wp-json\/wp\/v2\/categories?post=4075"},{"taxonomy":"post_tag","embeddable":true,"href":"https:\/\/cristinacortinas.org\/sustentabilidad\/wp-json\/wp\/v2\/tags?post=4075"}],"curies":[{"name":"wp","href":"https:\/\/api.w.org\/{rel}","templated":true}]}}