{"id":3981,"date":"2017-02-20T23:49:35","date_gmt":"2017-02-21T05:49:35","guid":{"rendered":"http:\/\/cristinacortinas.org\/sustentabilidad\/?p=3981"},"modified":"2017-02-20T23:49:35","modified_gmt":"2017-02-21T05:49:35","slug":"curso-taller-mineria-y-salud-ambiental","status":"publish","type":"post","link":"https:\/\/cristinacortinas.org\/sustentabilidad\/curso-taller-mineria-y-salud-ambiental\/","title":{"rendered":"CURSO \u2013TALLER \u201cMINER\u00cdA Y SALUD AMBIENTAL\u201d"},"content":{"rendered":"<p>OBJETIVO<br \/>\nProporcionar informaci\u00f3n sobre los riesgos de las explotaciones mineras y sus efectos negativos a corto y a largo plazo para el agua, los suelos, la biota y la estabilidad del\u00a0 ambiente en general, as\u00ed como para la salud de las comunidades cercanas a las\u00a0 explotaciones. Resumir las caracter\u00edsticas del marco legal mexicano para estas actividades,\u00a0 su suficiencia y pertinencia. Presentar un panorama actual de la miner\u00eda en el\u00a0 pa\u00eds.<br \/>\nDIRIGIDO A: Miembros de organizaciones no gubernamentales interesados en los riesgos\u00a0 para la salud y el ambiente que derivan de las explotaciones mineras; antrop\u00f3logos,\u00a0 soci\u00f3logos, bi\u00f3logos, ec\u00f3logos y otros profesionistas interesados en controlar esta actividad\u00a0 y documentar sus efectos negativos, as\u00ed como ciudadanos preocupados por los\u00a0 efectos adversos de la miner\u00eda sobre la salud y el ambiente.<\/p>\n<p><a href=\"http:\/\/cristinacortinas.org\/sustentabilidad\/wp-content\/uploads\/2017\/02\/Curso-Mineria-y-Salud-Ambiental-04_2017.pdf\">ver convocatoria completa en PDF<\/a><\/p>\n","protected":false},"excerpt":{"rendered":"<p>OBJETIVO Proporcionar informaci\u00f3n sobre los riesgos de las explotaciones mineras y sus efectos negativos a corto y a largo plazo para el agua, los suelos, la biota y la estabilidad del\u00a0 ambiente en general, as\u00ed como para la salud de las comunidades cercanas a las\u00a0 explotaciones. Resumir las caracter\u00edsticas del marco legal mexicano para estas actividades,\u00a0 su suficiencia y pertinencia.&nbsp;<a href=\"https:\/\/cristinacortinas.org\/sustentabilidad\/curso-taller-mineria-y-salud-ambiental\/\" class=\"read-more\">Seguir leyendo<\/a><\/p>\n","protected":false},"author":1,"featured_media":3982,"comment_status":"closed","ping_status":"closed","sticky":false,"template":"","format":"standard","meta":{"footnotes":""},"categories":[40],"tags":[],"class_list":["post-3981","post","type-post","status-publish","format-standard","has-post-thumbnail","hentry","category-noticias","cat-40-id"],"yoast_head":"<!-- This site is optimized with the Yoast SEO plugin v27.4 - https:\/\/yoast.com\/product\/yoast-seo-wordpress\/ -->\n<title>CURSO \u2013TALLER \u201cMINER\u00cdA Y SALUD AMBIENTAL\u201d - Dra. Ma. Cristina Cortinas Dur\u00e1n<\/title>\n<meta name=\"robots\" content=\"index, follow, max-snippet:-1, max-image-preview:large, max-video-preview:-1\" \/>\n<link rel=\"canonical\" href=\"https:\/\/cristinacortinas.org\/sustentabilidad\/curso-taller-mineria-y-salud-ambiental\/\" \/>\n<meta property=\"og:locale\" content=\"es_ES\" \/>\n<meta property=\"og:type\" content=\"article\" \/>\n<meta property=\"og:title\" content=\"CURSO \u2013TALLER \u201cMINER\u00cdA Y SALUD AMBIENTAL\u201d - Dra. Ma. Cristina Cortinas Dur\u00e1n\" \/>\n<meta property=\"og:description\" content=\"OBJETIVO Proporcionar informaci\u00f3n sobre los riesgos de las explotaciones mineras y sus efectos negativos a corto y a largo plazo para el agua, los suelos, la biota y la estabilidad del\u00a0 ambiente en general, as\u00ed como para la salud de las comunidades cercanas a las\u00a0 explotaciones. Resumir las caracter\u00edsticas del marco legal mexicano para estas actividades,\u00a0 su suficiencia y pertinencia.&nbsp;Seguir leyendo\" \/>\n<meta property=\"og:url\" content=\"https:\/\/cristinacortinas.org\/sustentabilidad\/curso-taller-mineria-y-salud-ambiental\/\" \/>\n<meta property=\"og:site_name\" content=\"Dra. Ma. Cristina Cortinas Dur\u00e1n\" \/>\n<meta property=\"article:publisher\" content=\"https:\/\/www.facebook.com\/cristinacortinasduran\/\" \/>\n<meta property=\"article:published_time\" content=\"2017-02-21T05:49:35+00:00\" \/>\n<meta property=\"og:image\" content=\"https:\/\/cristinacortinas.org\/sustentabilidad\/wp-content\/uploads\/2017\/02\/Curso-Mineria-y-Salud-Ambiental-04_2017.jpg\" \/>\n\t<meta property=\"og:image:width\" content=\"600\" \/>\n\t<meta property=\"og:image:height\" content=\"882\" \/>\n\t<meta property=\"og:image:type\" content=\"image\/jpeg\" \/>\n<meta name=\"author\" content=\"CCristina\" \/>\n<meta name=\"twitter:card\" content=\"summary_large_image\" \/>\n<meta name=\"twitter:creator\" content=\"@DraCrisCortinas\" \/>\n<meta name=\"twitter:site\" content=\"@DraCrisCortinas\" \/>\n<meta name=\"twitter:label1\" content=\"Escrito por\" \/>\n\t<meta name=\"twitter:data1\" content=\"CCristina\" \/>\n\t<meta name=\"twitter:label2\" content=\"Tiempo de lectura\" \/>\n\t<meta name=\"twitter:data2\" content=\"1 minuto\" \/>\n<script type=\"application\/ld+json\" class=\"yoast-schema-graph\">{\"@context\":\"https:\\\/\\\/schema.org\",\"@graph\":[{\"@type\":\"Article\",\"@id\":\"https:\\\/\\\/cristinacortinas.org\\\/sustentabilidad\\\/curso-taller-mineria-y-salud-ambiental\\\/#article\",\"isPartOf\":{\"@id\":\"https:\\\/\\\/cristinacortinas.org\\\/sustentabilidad\\\/curso-taller-mineria-y-salud-ambiental\\\/\"},\"author\":{\"name\":\"CCristina\",\"@id\":\"https:\\\/\\\/cristinacortinas.org\\\/sustentabilidad\\\/#\\\/schema\\\/person\\\/230b4a4171b31e97671db5b680f06b08\"},\"headline\":\"CURSO \u2013TALLER \u201cMINER\u00cdA Y SALUD AMBIENTAL\u201d\",\"datePublished\":\"2017-02-21T05:49:35+00:00\",\"mainEntityOfPage\":{\"@id\":\"https:\\\/\\\/cristinacortinas.org\\\/sustentabilidad\\\/curso-taller-mineria-y-salud-ambiental\\\/\"},\"wordCount\":148,\"image\":{\"@id\":\"https:\\\/\\\/cristinacortinas.org\\\/sustentabilidad\\\/curso-taller-mineria-y-salud-ambiental\\\/#primaryimage\"},\"thumbnailUrl\":\"https:\\\/\\\/cristinacortinas.org\\\/sustentabilidad\\\/wp-content\\\/uploads\\\/2017\\\/02\\\/Curso-Mineria-y-Salud-Ambiental-04_2017.jpg\",\"articleSection\":[\"Noticias\"],\"inLanguage\":\"es\"},{\"@type\":\"WebPage\",\"@id\":\"https:\\\/\\\/cristinacortinas.org\\\/sustentabilidad\\\/curso-taller-mineria-y-salud-ambiental\\\/\",\"url\":\"https:\\\/\\\/cristinacortinas.org\\\/sustentabilidad\\\/curso-taller-mineria-y-salud-ambiental\\\/\",\"name\":\"CURSO \u2013TALLER \u201cMINER\u00cdA Y SALUD AMBIENTAL\u201d - Dra. Ma. Cristina Cortinas Dur\u00e1n\",\"isPartOf\":{\"@id\":\"https:\\\/\\\/cristinacortinas.org\\\/sustentabilidad\\\/#website\"},\"primaryImageOfPage\":{\"@id\":\"https:\\\/\\\/cristinacortinas.org\\\/sustentabilidad\\\/curso-taller-mineria-y-salud-ambiental\\\/#primaryimage\"},\"image\":{\"@id\":\"https:\\\/\\\/cristinacortinas.org\\\/sustentabilidad\\\/curso-taller-mineria-y-salud-ambiental\\\/#primaryimage\"},\"thumbnailUrl\":\"https:\\\/\\\/cristinacortinas.org\\\/sustentabilidad\\\/wp-content\\\/uploads\\\/2017\\\/02\\\/Curso-Mineria-y-Salud-Ambiental-04_2017.jpg\",\"datePublished\":\"2017-02-21T05:49:35+00:00\",\"author\":{\"@id\":\"https:\\\/\\\/cristinacortinas.org\\\/sustentabilidad\\\/#\\\/schema\\\/person\\\/230b4a4171b31e97671db5b680f06b08\"},\"breadcrumb\":{\"@id\":\"https:\\\/\\\/cristinacortinas.org\\\/sustentabilidad\\\/curso-taller-mineria-y-salud-ambiental\\\/#breadcrumb\"},\"inLanguage\":\"es\",\"potentialAction\":[{\"@type\":\"ReadAction\",\"target\":[\"https:\\\/\\\/cristinacortinas.org\\\/sustentabilidad\\\/curso-taller-mineria-y-salud-ambiental\\\/\"]}]},{\"@type\":\"ImageObject\",\"inLanguage\":\"es\",\"@id\":\"https:\\\/\\\/cristinacortinas.org\\\/sustentabilidad\\\/curso-taller-mineria-y-salud-ambiental\\\/#primaryimage\",\"url\":\"https:\\\/\\\/cristinacortinas.org\\\/sustentabilidad\\\/wp-content\\\/uploads\\\/2017\\\/02\\\/Curso-Mineria-y-Salud-Ambiental-04_2017.jpg\",\"contentUrl\":\"https:\\\/\\\/cristinacortinas.org\\\/sustentabilidad\\\/wp-content\\\/uploads\\\/2017\\\/02\\\/Curso-Mineria-y-Salud-Ambiental-04_2017.jpg\",\"width\":600,\"height\":882},{\"@type\":\"BreadcrumbList\",\"@id\":\"https:\\\/\\\/cristinacortinas.org\\\/sustentabilidad\\\/curso-taller-mineria-y-salud-ambiental\\\/#breadcrumb\",\"itemListElement\":[{\"@type\":\"ListItem\",\"position\":1,\"name\":\"Portada\",\"item\":\"https:\\\/\\\/cristinacortinas.org\\\/sustentabilidad\\\/\"},{\"@type\":\"ListItem\",\"position\":2,\"name\":\"CURSO \u2013TALLER \u201cMINER\u00cdA Y SALUD AMBIENTAL\u201d\"}]},{\"@type\":\"WebSite\",\"@id\":\"https:\\\/\\\/cristinacortinas.org\\\/sustentabilidad\\\/#website\",\"url\":\"https:\\\/\\\/cristinacortinas.org\\\/sustentabilidad\\\/\",\"name\":\"Dra. Ma. Cristina Cortinas Dur\u00e1n\",\"description\":\"\",\"potentialAction\":[{\"@type\":\"SearchAction\",\"target\":{\"@type\":\"EntryPoint\",\"urlTemplate\":\"https:\\\/\\\/cristinacortinas.org\\\/sustentabilidad\\\/?s={search_term_string}\"},\"query-input\":{\"@type\":\"PropertyValueSpecification\",\"valueRequired\":true,\"valueName\":\"search_term_string\"}}],\"inLanguage\":\"es\"},{\"@type\":\"Person\",\"@id\":\"https:\\\/\\\/cristinacortinas.org\\\/sustentabilidad\\\/#\\\/schema\\\/person\\\/230b4a4171b31e97671db5b680f06b08\",\"name\":\"CCristina\"}]}<\/script>\n<!-- \/ Yoast SEO plugin. -->","yoast_head_json":{"title":"CURSO \u2013TALLER \u201cMINER\u00cdA Y SALUD AMBIENTAL\u201d - Dra. Ma. Cristina Cortinas Dur\u00e1n","robots":{"index":"index","follow":"follow","max-snippet":"max-snippet:-1","max-image-preview":"max-image-preview:large","max-video-preview":"max-video-preview:-1"},"canonical":"https:\/\/cristinacortinas.org\/sustentabilidad\/curso-taller-mineria-y-salud-ambiental\/","og_locale":"es_ES","og_type":"article","og_title":"CURSO \u2013TALLER \u201cMINER\u00cdA Y SALUD AMBIENTAL\u201d - Dra. Ma. Cristina Cortinas Dur\u00e1n","og_description":"OBJETIVO Proporcionar informaci\u00f3n sobre los riesgos de las explotaciones mineras y sus efectos negativos a corto y a largo plazo para el agua, los suelos, la biota y la estabilidad del\u00a0 ambiente en general, as\u00ed como para la salud de las comunidades cercanas a las\u00a0 explotaciones. Resumir las caracter\u00edsticas del marco legal mexicano para estas actividades,\u00a0 su suficiencia y pertinencia.&nbsp;Seguir leyendo","og_url":"https:\/\/cristinacortinas.org\/sustentabilidad\/curso-taller-mineria-y-salud-ambiental\/","og_site_name":"Dra. Ma. Cristina Cortinas Dur\u00e1n","article_publisher":"https:\/\/www.facebook.com\/cristinacortinasduran\/","article_published_time":"2017-02-21T05:49:35+00:00","og_image":[{"width":600,"height":882,"url":"https:\/\/cristinacortinas.org\/sustentabilidad\/wp-content\/uploads\/2017\/02\/Curso-Mineria-y-Salud-Ambiental-04_2017.jpg","type":"image\/jpeg"}],"author":"CCristina","twitter_card":"summary_large_image","twitter_creator":"@DraCrisCortinas","twitter_site":"@DraCrisCortinas","twitter_misc":{"Escrito por":"CCristina","Tiempo de lectura":"1 minuto"},"schema":{"@context":"https:\/\/schema.org","@graph":[{"@type":"Article","@id":"https:\/\/cristinacortinas.org\/sustentabilidad\/curso-taller-mineria-y-salud-ambiental\/#article","isPartOf":{"@id":"https:\/\/cristinacortinas.org\/sustentabilidad\/curso-taller-mineria-y-salud-ambiental\/"},"author":{"name":"CCristina","@id":"https:\/\/cristinacortinas.org\/sustentabilidad\/#\/schema\/person\/230b4a4171b31e97671db5b680f06b08"},"headline":"CURSO \u2013TALLER \u201cMINER\u00cdA Y SALUD AMBIENTAL\u201d","datePublished":"2017-02-21T05:49:35+00:00","mainEntityOfPage":{"@id":"https:\/\/cristinacortinas.org\/sustentabilidad\/curso-taller-mineria-y-salud-ambiental\/"},"wordCount":148,"image":{"@id":"https:\/\/cristinacortinas.org\/sustentabilidad\/curso-taller-mineria-y-salud-ambiental\/#primaryimage"},"thumbnailUrl":"https:\/\/cristinacortinas.org\/sustentabilidad\/wp-content\/uploads\/2017\/02\/Curso-Mineria-y-Salud-Ambiental-04_2017.jpg","articleSection":["Noticias"],"inLanguage":"es"},{"@type":"WebPage","@id":"https:\/\/cristinacortinas.org\/sustentabilidad\/curso-taller-mineria-y-salud-ambiental\/","url":"https:\/\/cristinacortinas.org\/sustentabilidad\/curso-taller-mineria-y-salud-ambiental\/","name":"CURSO \u2013TALLER \u201cMINER\u00cdA Y SALUD AMBIENTAL\u201d - Dra. Ma. Cristina Cortinas Dur\u00e1n","isPartOf":{"@id":"https:\/\/cristinacortinas.org\/sustentabilidad\/#website"},"primaryImageOfPage":{"@id":"https:\/\/cristinacortinas.org\/sustentabilidad\/curso-taller-mineria-y-salud-ambiental\/#primaryimage"},"image":{"@id":"https:\/\/cristinacortinas.org\/sustentabilidad\/curso-taller-mineria-y-salud-ambiental\/#primaryimage"},"thumbnailUrl":"https:\/\/cristinacortinas.org\/sustentabilidad\/wp-content\/uploads\/2017\/02\/Curso-Mineria-y-Salud-Ambiental-04_2017.jpg","datePublished":"2017-02-21T05:49:35+00:00","author":{"@id":"https:\/\/cristinacortinas.org\/sustentabilidad\/#\/schema\/person\/230b4a4171b31e97671db5b680f06b08"},"breadcrumb":{"@id":"https:\/\/cristinacortinas.org\/sustentabilidad\/curso-taller-mineria-y-salud-ambiental\/#breadcrumb"},"inLanguage":"es","potentialAction":[{"@type":"ReadAction","target":["https:\/\/cristinacortinas.org\/sustentabilidad\/curso-taller-mineria-y-salud-ambiental\/"]}]},{"@type":"ImageObject","inLanguage":"es","@id":"https:\/\/cristinacortinas.org\/sustentabilidad\/curso-taller-mineria-y-salud-ambiental\/#primaryimage","url":"https:\/\/cristinacortinas.org\/sustentabilidad\/wp-content\/uploads\/2017\/02\/Curso-Mineria-y-Salud-Ambiental-04_2017.jpg","contentUrl":"https:\/\/cristinacortinas.org\/sustentabilidad\/wp-content\/uploads\/2017\/02\/Curso-Mineria-y-Salud-Ambiental-04_2017.jpg","width":600,"height":882},{"@type":"BreadcrumbList","@id":"https:\/\/cristinacortinas.org\/sustentabilidad\/curso-taller-mineria-y-salud-ambiental\/#breadcrumb","itemListElement":[{"@type":"ListItem","position":1,"name":"Portada","item":"https:\/\/cristinacortinas.org\/sustentabilidad\/"},{"@type":"ListItem","position":2,"name":"CURSO \u2013TALLER \u201cMINER\u00cdA Y SALUD AMBIENTAL\u201d"}]},{"@type":"WebSite","@id":"https:\/\/cristinacortinas.org\/sustentabilidad\/#website","url":"https:\/\/cristinacortinas.org\/sustentabilidad\/","name":"Dra. Ma. Cristina Cortinas Dur\u00e1n","description":"","potentialAction":[{"@type":"SearchAction","target":{"@type":"EntryPoint","urlTemplate":"https:\/\/cristinacortinas.org\/sustentabilidad\/?s={search_term_string}"},"query-input":{"@type":"PropertyValueSpecification","valueRequired":true,"valueName":"search_term_string"}}],"inLanguage":"es"},{"@type":"Person","@id":"https:\/\/cristinacortinas.org\/sustentabilidad\/#\/schema\/person\/230b4a4171b31e97671db5b680f06b08","name":"CCristina"}]}},"_links":{"self":[{"href":"https:\/\/cristinacortinas.org\/sustentabilidad\/wp-json\/wp\/v2\/posts\/3981","targetHints":{"allow":["GET"]}}],"collection":[{"href":"https:\/\/cristinacortinas.org\/sustentabilidad\/wp-json\/wp\/v2\/posts"}],"about":[{"href":"https:\/\/cristinacortinas.org\/sustentabilidad\/wp-json\/wp\/v2\/types\/post"}],"author":[{"embeddable":true,"href":"https:\/\/cristinacortinas.org\/sustentabilidad\/wp-json\/wp\/v2\/users\/1"}],"replies":[{"embeddable":true,"href":"https:\/\/cristinacortinas.org\/sustentabilidad\/wp-json\/wp\/v2\/comments?post=3981"}],"version-history":[{"count":1,"href":"https:\/\/cristinacortinas.org\/sustentabilidad\/wp-json\/wp\/v2\/posts\/3981\/revisions"}],"predecessor-version":[{"id":3984,"href":"https:\/\/cristinacortinas.org\/sustentabilidad\/wp-json\/wp\/v2\/posts\/3981\/revisions\/3984"}],"wp:featuredmedia":[{"embeddable":true,"href":"https:\/\/cristinacortinas.org\/sustentabilidad\/wp-json\/wp\/v2\/media\/3982"}],"wp:attachment":[{"href":"https:\/\/cristinacortinas.org\/sustentabilidad\/wp-json\/wp\/v2\/media?parent=3981"}],"wp:term":[{"taxonomy":"category","embeddable":true,"href":"https:\/\/cristinacortinas.org\/sustentabilidad\/wp-json\/wp\/v2\/categories?post=3981"},{"taxonomy":"post_tag","embeddable":true,"href":"https:\/\/cristinacortinas.org\/sustentabilidad\/wp-json\/wp\/v2\/tags?post=3981"}],"curies":[{"name":"wp","href":"https:\/\/api.w.org\/{rel}","templated":true}]}}