{"id":3676,"date":"2016-09-23T11:32:33","date_gmt":"2016-09-23T16:32:33","guid":{"rendered":"http:\/\/cristinacortinas.org\/sustentabilidad\/?p=3676"},"modified":"2016-09-23T11:43:41","modified_gmt":"2016-09-23T16:43:41","slug":"encuentro-nacional-de-ambientalizacion-curricular-en-la-educacion-superior","status":"publish","type":"post","link":"https:\/\/cristinacortinas.org\/sustentabilidad\/encuentro-nacional-de-ambientalizacion-curricular-en-la-educacion-superior\/","title":{"rendered":"Encuentro Nacional de Ambientalizaci\u00f3n Curricular en la Educaci\u00f3n Superior 2017"},"content":{"rendered":"<p>El Consorcio Mexicano de Programas Ambientales Universitarios para el Desarrollo<br \/>\nSustentable y la Universidad Iberoamericana Ciudad de M\u00e9xico, en coordinaci\u00f3n con la<br \/>\nAcademia Nacional de Educaci\u00f3n Ambiental, la Asociaci\u00f3n Nacional de Universidades e<br \/>\nInstituciones de Educaci\u00f3n Superior y el Centro de Educaci\u00f3n y Capacitaci\u00f3n para el<br \/>\nDesarrollo Sustentable de la Secretar\u00eda de Medio Ambiente y Recursos Naturales<\/p>\n<p style=\"text-align: center;\">Convocan al<br \/>\n<strong>Encuentro Nacional de<\/strong><br \/>\n<strong>Ambientalizaci\u00f3n Curricular en la Educaci\u00f3n Superior<\/strong><br \/>\n27, 28 y 29 de marzo de 2017<br \/>\n<strong>Sede: Universidad Iberoamericana Ciudad de M\u00e9xico<\/strong><\/p>\n<p style=\"text-align: center;\"><a href=\"http:\/\/cristinacortinas.org\/sustentabilidad\/wp-content\/uploads\/2016\/09\/Convocatoria-Encuentro-nacional-de-ambientalizacion.pdf\">Ver Convocatoria en PDF<\/a><\/p>\n","protected":false},"excerpt":{"rendered":"<p>El Consorcio Mexicano de Programas Ambientales Universitarios para el Desarrollo Sustentable y la Universidad Iberoamericana Ciudad de M\u00e9xico, en coordinaci\u00f3n con la Academia Nacional de Educaci\u00f3n Ambiental, la Asociaci\u00f3n Nacional de Universidades e Instituciones de Educaci\u00f3n Superior y el Centro de Educaci\u00f3n y Capacitaci\u00f3n para el Desarrollo Sustentable de la Secretar\u00eda de Medio Ambiente y Recursos Naturales Convocan al Encuentro&nbsp;<a href=\"https:\/\/cristinacortinas.org\/sustentabilidad\/encuentro-nacional-de-ambientalizacion-curricular-en-la-educacion-superior\/\" class=\"read-more\">Seguir leyendo<\/a><\/p>\n","protected":false},"author":1,"featured_media":3678,"comment_status":"closed","ping_status":"closed","sticky":false,"template":"","format":"standard","meta":{"footnotes":""},"categories":[40],"tags":[],"class_list":["post-3676","post","type-post","status-publish","format-standard","has-post-thumbnail","hentry","category-noticias","cat-40-id"],"yoast_head":"<!-- This site is optimized with the Yoast SEO plugin v27.4 - https:\/\/yoast.com\/product\/yoast-seo-wordpress\/ -->\n<title>Encuentro Nacional de Ambientalizaci\u00f3n Curricular en la Educaci\u00f3n Superior 2017 - Dra. Ma. Cristina Cortinas Dur\u00e1n<\/title>\n<meta name=\"robots\" content=\"index, follow, max-snippet:-1, max-image-preview:large, max-video-preview:-1\" \/>\n<link rel=\"canonical\" href=\"https:\/\/cristinacortinas.org\/sustentabilidad\/encuentro-nacional-de-ambientalizacion-curricular-en-la-educacion-superior\/\" \/>\n<meta property=\"og:locale\" content=\"es_ES\" \/>\n<meta property=\"og:type\" content=\"article\" \/>\n<meta property=\"og:title\" content=\"Encuentro Nacional de Ambientalizaci\u00f3n Curricular en la Educaci\u00f3n Superior 2017 - Dra. Ma. Cristina Cortinas Dur\u00e1n\" \/>\n<meta property=\"og:description\" content=\"El Consorcio Mexicano de Programas Ambientales Universitarios para el Desarrollo Sustentable y la Universidad Iberoamericana Ciudad de M\u00e9xico, en coordinaci\u00f3n con la Academia Nacional de Educaci\u00f3n Ambiental, la Asociaci\u00f3n Nacional de Universidades e Instituciones de Educaci\u00f3n Superior y el Centro de Educaci\u00f3n y Capacitaci\u00f3n para el Desarrollo Sustentable de la Secretar\u00eda de Medio Ambiente y Recursos Naturales Convocan al Encuentro&nbsp;Seguir leyendo\" \/>\n<meta property=\"og:url\" content=\"https:\/\/cristinacortinas.org\/sustentabilidad\/encuentro-nacional-de-ambientalizacion-curricular-en-la-educacion-superior\/\" \/>\n<meta property=\"og:site_name\" content=\"Dra. Ma. Cristina Cortinas Dur\u00e1n\" \/>\n<meta property=\"article:publisher\" content=\"https:\/\/www.facebook.com\/cristinacortinasduran\/\" \/>\n<meta property=\"article:published_time\" content=\"2016-09-23T16:32:33+00:00\" \/>\n<meta property=\"article:modified_time\" content=\"2016-09-23T16:43:41+00:00\" \/>\n<meta property=\"og:image\" content=\"https:\/\/cristinacortinas.org\/sustentabilidad\/wp-content\/uploads\/2016\/09\/encuentro-nacional-de-ambientalistas-en-Mexico.jpg\" \/>\n\t<meta property=\"og:image:width\" content=\"918\" \/>\n\t<meta property=\"og:image:height\" content=\"245\" \/>\n\t<meta property=\"og:image:type\" content=\"image\/jpeg\" \/>\n<meta name=\"author\" content=\"CCristina\" \/>\n<meta name=\"twitter:card\" content=\"summary_large_image\" \/>\n<meta name=\"twitter:creator\" content=\"@DraCrisCortinas\" \/>\n<meta name=\"twitter:site\" content=\"@DraCrisCortinas\" \/>\n<meta name=\"twitter:label1\" content=\"Escrito por\" \/>\n\t<meta name=\"twitter:data1\" content=\"CCristina\" \/>\n<script type=\"application\/ld+json\" class=\"yoast-schema-graph\">{\"@context\":\"https:\\\/\\\/schema.org\",\"@graph\":[{\"@type\":\"Article\",\"@id\":\"https:\\\/\\\/cristinacortinas.org\\\/sustentabilidad\\\/encuentro-nacional-de-ambientalizacion-curricular-en-la-educacion-superior\\\/#article\",\"isPartOf\":{\"@id\":\"https:\\\/\\\/cristinacortinas.org\\\/sustentabilidad\\\/encuentro-nacional-de-ambientalizacion-curricular-en-la-educacion-superior\\\/\"},\"author\":{\"name\":\"CCristina\",\"@id\":\"https:\\\/\\\/cristinacortinas.org\\\/sustentabilidad\\\/#\\\/schema\\\/person\\\/230b4a4171b31e97671db5b680f06b08\"},\"headline\":\"Encuentro Nacional de Ambientalizaci\u00f3n Curricular en la Educaci\u00f3n Superior 2017\",\"datePublished\":\"2016-09-23T16:32:33+00:00\",\"dateModified\":\"2016-09-23T16:43:41+00:00\",\"mainEntityOfPage\":{\"@id\":\"https:\\\/\\\/cristinacortinas.org\\\/sustentabilidad\\\/encuentro-nacional-de-ambientalizacion-curricular-en-la-educacion-superior\\\/\"},\"wordCount\":104,\"image\":{\"@id\":\"https:\\\/\\\/cristinacortinas.org\\\/sustentabilidad\\\/encuentro-nacional-de-ambientalizacion-curricular-en-la-educacion-superior\\\/#primaryimage\"},\"thumbnailUrl\":\"https:\\\/\\\/cristinacortinas.org\\\/sustentabilidad\\\/wp-content\\\/uploads\\\/2016\\\/09\\\/encuentro-nacional-de-ambientalistas-en-Mexico.jpg\",\"articleSection\":[\"Noticias\"],\"inLanguage\":\"es\"},{\"@type\":\"WebPage\",\"@id\":\"https:\\\/\\\/cristinacortinas.org\\\/sustentabilidad\\\/encuentro-nacional-de-ambientalizacion-curricular-en-la-educacion-superior\\\/\",\"url\":\"https:\\\/\\\/cristinacortinas.org\\\/sustentabilidad\\\/encuentro-nacional-de-ambientalizacion-curricular-en-la-educacion-superior\\\/\",\"name\":\"Encuentro Nacional de Ambientalizaci\u00f3n Curricular en la Educaci\u00f3n Superior 2017 - Dra. Ma. Cristina Cortinas Dur\u00e1n\",\"isPartOf\":{\"@id\":\"https:\\\/\\\/cristinacortinas.org\\\/sustentabilidad\\\/#website\"},\"primaryImageOfPage\":{\"@id\":\"https:\\\/\\\/cristinacortinas.org\\\/sustentabilidad\\\/encuentro-nacional-de-ambientalizacion-curricular-en-la-educacion-superior\\\/#primaryimage\"},\"image\":{\"@id\":\"https:\\\/\\\/cristinacortinas.org\\\/sustentabilidad\\\/encuentro-nacional-de-ambientalizacion-curricular-en-la-educacion-superior\\\/#primaryimage\"},\"thumbnailUrl\":\"https:\\\/\\\/cristinacortinas.org\\\/sustentabilidad\\\/wp-content\\\/uploads\\\/2016\\\/09\\\/encuentro-nacional-de-ambientalistas-en-Mexico.jpg\",\"datePublished\":\"2016-09-23T16:32:33+00:00\",\"dateModified\":\"2016-09-23T16:43:41+00:00\",\"author\":{\"@id\":\"https:\\\/\\\/cristinacortinas.org\\\/sustentabilidad\\\/#\\\/schema\\\/person\\\/230b4a4171b31e97671db5b680f06b08\"},\"breadcrumb\":{\"@id\":\"https:\\\/\\\/cristinacortinas.org\\\/sustentabilidad\\\/encuentro-nacional-de-ambientalizacion-curricular-en-la-educacion-superior\\\/#breadcrumb\"},\"inLanguage\":\"es\",\"potentialAction\":[{\"@type\":\"ReadAction\",\"target\":[\"https:\\\/\\\/cristinacortinas.org\\\/sustentabilidad\\\/encuentro-nacional-de-ambientalizacion-curricular-en-la-educacion-superior\\\/\"]}]},{\"@type\":\"ImageObject\",\"inLanguage\":\"es\",\"@id\":\"https:\\\/\\\/cristinacortinas.org\\\/sustentabilidad\\\/encuentro-nacional-de-ambientalizacion-curricular-en-la-educacion-superior\\\/#primaryimage\",\"url\":\"https:\\\/\\\/cristinacortinas.org\\\/sustentabilidad\\\/wp-content\\\/uploads\\\/2016\\\/09\\\/encuentro-nacional-de-ambientalistas-en-Mexico.jpg\",\"contentUrl\":\"https:\\\/\\\/cristinacortinas.org\\\/sustentabilidad\\\/wp-content\\\/uploads\\\/2016\\\/09\\\/encuentro-nacional-de-ambientalistas-en-Mexico.jpg\",\"width\":918,\"height\":245},{\"@type\":\"BreadcrumbList\",\"@id\":\"https:\\\/\\\/cristinacortinas.org\\\/sustentabilidad\\\/encuentro-nacional-de-ambientalizacion-curricular-en-la-educacion-superior\\\/#breadcrumb\",\"itemListElement\":[{\"@type\":\"ListItem\",\"position\":1,\"name\":\"Portada\",\"item\":\"https:\\\/\\\/cristinacortinas.org\\\/sustentabilidad\\\/\"},{\"@type\":\"ListItem\",\"position\":2,\"name\":\"Encuentro Nacional de Ambientalizaci\u00f3n Curricular en la Educaci\u00f3n Superior 2017\"}]},{\"@type\":\"WebSite\",\"@id\":\"https:\\\/\\\/cristinacortinas.org\\\/sustentabilidad\\\/#website\",\"url\":\"https:\\\/\\\/cristinacortinas.org\\\/sustentabilidad\\\/\",\"name\":\"Dra. Ma. Cristina Cortinas Dur\u00e1n\",\"description\":\"\",\"potentialAction\":[{\"@type\":\"SearchAction\",\"target\":{\"@type\":\"EntryPoint\",\"urlTemplate\":\"https:\\\/\\\/cristinacortinas.org\\\/sustentabilidad\\\/?s={search_term_string}\"},\"query-input\":{\"@type\":\"PropertyValueSpecification\",\"valueRequired\":true,\"valueName\":\"search_term_string\"}}],\"inLanguage\":\"es\"},{\"@type\":\"Person\",\"@id\":\"https:\\\/\\\/cristinacortinas.org\\\/sustentabilidad\\\/#\\\/schema\\\/person\\\/230b4a4171b31e97671db5b680f06b08\",\"name\":\"CCristina\"}]}<\/script>\n<!-- \/ Yoast SEO plugin. -->","yoast_head_json":{"title":"Encuentro Nacional de Ambientalizaci\u00f3n Curricular en la Educaci\u00f3n Superior 2017 - Dra. Ma. Cristina Cortinas Dur\u00e1n","robots":{"index":"index","follow":"follow","max-snippet":"max-snippet:-1","max-image-preview":"max-image-preview:large","max-video-preview":"max-video-preview:-1"},"canonical":"https:\/\/cristinacortinas.org\/sustentabilidad\/encuentro-nacional-de-ambientalizacion-curricular-en-la-educacion-superior\/","og_locale":"es_ES","og_type":"article","og_title":"Encuentro Nacional de Ambientalizaci\u00f3n Curricular en la Educaci\u00f3n Superior 2017 - Dra. Ma. Cristina Cortinas Dur\u00e1n","og_description":"El Consorcio Mexicano de Programas Ambientales Universitarios para el Desarrollo Sustentable y la Universidad Iberoamericana Ciudad de M\u00e9xico, en coordinaci\u00f3n con la Academia Nacional de Educaci\u00f3n Ambiental, la Asociaci\u00f3n Nacional de Universidades e Instituciones de Educaci\u00f3n Superior y el Centro de Educaci\u00f3n y Capacitaci\u00f3n para el Desarrollo Sustentable de la Secretar\u00eda de Medio Ambiente y Recursos Naturales Convocan al Encuentro&nbsp;Seguir leyendo","og_url":"https:\/\/cristinacortinas.org\/sustentabilidad\/encuentro-nacional-de-ambientalizacion-curricular-en-la-educacion-superior\/","og_site_name":"Dra. Ma. Cristina Cortinas Dur\u00e1n","article_publisher":"https:\/\/www.facebook.com\/cristinacortinasduran\/","article_published_time":"2016-09-23T16:32:33+00:00","article_modified_time":"2016-09-23T16:43:41+00:00","og_image":[{"width":918,"height":245,"url":"https:\/\/cristinacortinas.org\/sustentabilidad\/wp-content\/uploads\/2016\/09\/encuentro-nacional-de-ambientalistas-en-Mexico.jpg","type":"image\/jpeg"}],"author":"CCristina","twitter_card":"summary_large_image","twitter_creator":"@DraCrisCortinas","twitter_site":"@DraCrisCortinas","twitter_misc":{"Escrito por":"CCristina"},"schema":{"@context":"https:\/\/schema.org","@graph":[{"@type":"Article","@id":"https:\/\/cristinacortinas.org\/sustentabilidad\/encuentro-nacional-de-ambientalizacion-curricular-en-la-educacion-superior\/#article","isPartOf":{"@id":"https:\/\/cristinacortinas.org\/sustentabilidad\/encuentro-nacional-de-ambientalizacion-curricular-en-la-educacion-superior\/"},"author":{"name":"CCristina","@id":"https:\/\/cristinacortinas.org\/sustentabilidad\/#\/schema\/person\/230b4a4171b31e97671db5b680f06b08"},"headline":"Encuentro Nacional de Ambientalizaci\u00f3n Curricular en la Educaci\u00f3n Superior 2017","datePublished":"2016-09-23T16:32:33+00:00","dateModified":"2016-09-23T16:43:41+00:00","mainEntityOfPage":{"@id":"https:\/\/cristinacortinas.org\/sustentabilidad\/encuentro-nacional-de-ambientalizacion-curricular-en-la-educacion-superior\/"},"wordCount":104,"image":{"@id":"https:\/\/cristinacortinas.org\/sustentabilidad\/encuentro-nacional-de-ambientalizacion-curricular-en-la-educacion-superior\/#primaryimage"},"thumbnailUrl":"https:\/\/cristinacortinas.org\/sustentabilidad\/wp-content\/uploads\/2016\/09\/encuentro-nacional-de-ambientalistas-en-Mexico.jpg","articleSection":["Noticias"],"inLanguage":"es"},{"@type":"WebPage","@id":"https:\/\/cristinacortinas.org\/sustentabilidad\/encuentro-nacional-de-ambientalizacion-curricular-en-la-educacion-superior\/","url":"https:\/\/cristinacortinas.org\/sustentabilidad\/encuentro-nacional-de-ambientalizacion-curricular-en-la-educacion-superior\/","name":"Encuentro Nacional de Ambientalizaci\u00f3n Curricular en la Educaci\u00f3n Superior 2017 - Dra. Ma. Cristina Cortinas Dur\u00e1n","isPartOf":{"@id":"https:\/\/cristinacortinas.org\/sustentabilidad\/#website"},"primaryImageOfPage":{"@id":"https:\/\/cristinacortinas.org\/sustentabilidad\/encuentro-nacional-de-ambientalizacion-curricular-en-la-educacion-superior\/#primaryimage"},"image":{"@id":"https:\/\/cristinacortinas.org\/sustentabilidad\/encuentro-nacional-de-ambientalizacion-curricular-en-la-educacion-superior\/#primaryimage"},"thumbnailUrl":"https:\/\/cristinacortinas.org\/sustentabilidad\/wp-content\/uploads\/2016\/09\/encuentro-nacional-de-ambientalistas-en-Mexico.jpg","datePublished":"2016-09-23T16:32:33+00:00","dateModified":"2016-09-23T16:43:41+00:00","author":{"@id":"https:\/\/cristinacortinas.org\/sustentabilidad\/#\/schema\/person\/230b4a4171b31e97671db5b680f06b08"},"breadcrumb":{"@id":"https:\/\/cristinacortinas.org\/sustentabilidad\/encuentro-nacional-de-ambientalizacion-curricular-en-la-educacion-superior\/#breadcrumb"},"inLanguage":"es","potentialAction":[{"@type":"ReadAction","target":["https:\/\/cristinacortinas.org\/sustentabilidad\/encuentro-nacional-de-ambientalizacion-curricular-en-la-educacion-superior\/"]}]},{"@type":"ImageObject","inLanguage":"es","@id":"https:\/\/cristinacortinas.org\/sustentabilidad\/encuentro-nacional-de-ambientalizacion-curricular-en-la-educacion-superior\/#primaryimage","url":"https:\/\/cristinacortinas.org\/sustentabilidad\/wp-content\/uploads\/2016\/09\/encuentro-nacional-de-ambientalistas-en-Mexico.jpg","contentUrl":"https:\/\/cristinacortinas.org\/sustentabilidad\/wp-content\/uploads\/2016\/09\/encuentro-nacional-de-ambientalistas-en-Mexico.jpg","width":918,"height":245},{"@type":"BreadcrumbList","@id":"https:\/\/cristinacortinas.org\/sustentabilidad\/encuentro-nacional-de-ambientalizacion-curricular-en-la-educacion-superior\/#breadcrumb","itemListElement":[{"@type":"ListItem","position":1,"name":"Portada","item":"https:\/\/cristinacortinas.org\/sustentabilidad\/"},{"@type":"ListItem","position":2,"name":"Encuentro Nacional de Ambientalizaci\u00f3n Curricular en la Educaci\u00f3n Superior 2017"}]},{"@type":"WebSite","@id":"https:\/\/cristinacortinas.org\/sustentabilidad\/#website","url":"https:\/\/cristinacortinas.org\/sustentabilidad\/","name":"Dra. Ma. Cristina Cortinas Dur\u00e1n","description":"","potentialAction":[{"@type":"SearchAction","target":{"@type":"EntryPoint","urlTemplate":"https:\/\/cristinacortinas.org\/sustentabilidad\/?s={search_term_string}"},"query-input":{"@type":"PropertyValueSpecification","valueRequired":true,"valueName":"search_term_string"}}],"inLanguage":"es"},{"@type":"Person","@id":"https:\/\/cristinacortinas.org\/sustentabilidad\/#\/schema\/person\/230b4a4171b31e97671db5b680f06b08","name":"CCristina"}]}},"_links":{"self":[{"href":"https:\/\/cristinacortinas.org\/sustentabilidad\/wp-json\/wp\/v2\/posts\/3676","targetHints":{"allow":["GET"]}}],"collection":[{"href":"https:\/\/cristinacortinas.org\/sustentabilidad\/wp-json\/wp\/v2\/posts"}],"about":[{"href":"https:\/\/cristinacortinas.org\/sustentabilidad\/wp-json\/wp\/v2\/types\/post"}],"author":[{"embeddable":true,"href":"https:\/\/cristinacortinas.org\/sustentabilidad\/wp-json\/wp\/v2\/users\/1"}],"replies":[{"embeddable":true,"href":"https:\/\/cristinacortinas.org\/sustentabilidad\/wp-json\/wp\/v2\/comments?post=3676"}],"version-history":[{"count":5,"href":"https:\/\/cristinacortinas.org\/sustentabilidad\/wp-json\/wp\/v2\/posts\/3676\/revisions"}],"predecessor-version":[{"id":3684,"href":"https:\/\/cristinacortinas.org\/sustentabilidad\/wp-json\/wp\/v2\/posts\/3676\/revisions\/3684"}],"wp:featuredmedia":[{"embeddable":true,"href":"https:\/\/cristinacortinas.org\/sustentabilidad\/wp-json\/wp\/v2\/media\/3678"}],"wp:attachment":[{"href":"https:\/\/cristinacortinas.org\/sustentabilidad\/wp-json\/wp\/v2\/media?parent=3676"}],"wp:term":[{"taxonomy":"category","embeddable":true,"href":"https:\/\/cristinacortinas.org\/sustentabilidad\/wp-json\/wp\/v2\/categories?post=3676"},{"taxonomy":"post_tag","embeddable":true,"href":"https:\/\/cristinacortinas.org\/sustentabilidad\/wp-json\/wp\/v2\/tags?post=3676"}],"curies":[{"name":"wp","href":"https:\/\/api.w.org\/{rel}","templated":true}]}}